{"id":17652,"date":"2020-03-09T07:56:35","date_gmt":"2020-03-09T10:56:35","guid":{"rendered":"https:\/\/blogs2.correiobraziliense.com.br\/cbpoder\/?p=17652"},"modified":"2020-03-09T07:56:35","modified_gmt":"2020-03-09T10:56:35","slug":"shows-do-aniversario-de-brasilia-podem-ser-cancelados-por-causa-do-coronavirus","status":"publish","type":"post","link":"https:\/\/blogs2.correiobraziliense.com.br\/cbpoder\/shows-do-aniversario-de-brasilia-podem-ser-cancelados-por-causa-do-coronavirus\/","title":{"rendered":"Shows do anivers\u00e1rio de Bras\u00edlia podem ser cancelados por causa do coronav\u00edrus"},"content":{"rendered":"<h6>Coluna Eixo Capital\/Por Ana Maria Campos<\/h6>\n<p>Uma comitiva da Secretaria de Cultura se preparava para embarcar para Austin, no Texas, onde participaria do Festival SXSW, quando foi informado do cancelamento do evento de cultura e tecnologia por causa do coronav\u00edrus. Agora, o secret\u00e1rio de Cultura, Bartolomeu Rodrigues, o Bart\u00f4, cogita suspender tamb\u00e9m os shows de comemora\u00e7\u00e3o do anivers\u00e1rio de 60 anos de Bras\u00edlia. O risco de aglomera\u00e7\u00f5es tem derrubado a agenda mundial de eventos.<\/p>\n","protected":false},"excerpt":{"rendered":"<p>Coluna Eixo Capital\/Por Ana Maria Campos Uma comitiva da Secretaria de Cultura se preparava para embarcar para Austin, no Texas, onde participaria do Festival SXSW, quando foi informado do cancelamento do evento de cultura e tecnologia por causa do coronav\u00edrus. Agora, o secret\u00e1rio de Cultura, Bartolomeu Rodrigues, o Bart\u00f4, cogita suspender tamb\u00e9m os shows de [&hellip;]<\/p>\n","protected":false},"author":9,"featured_media":17197,"comment_status":"open","ping_status":"closed","sticky":false,"template":"","format":"standard","meta":{"wpb_read_more":[],"footnotes":""},"categories":[2089],"tags":[2135,2049,2085],"class_list":["post-17652","post","type-post","status-publish","format-standard","has-post-thumbnail","hentry","category-eixo-capital","tag-aniversario-de-brasilia","tag-bartolomeu-rodrigues","tag-coronavirus"],"_links":{"self":[{"href":"https:\/\/blogs2.correiobraziliense.com.br\/cbpoder\/wp-json\/wp\/v2\/posts\/17652","targetHints":{"allow":["GET"]}}],"collection":[{"href":"https:\/\/blogs2.correiobraziliense.com.br\/cbpoder\/wp-json\/wp\/v2\/posts"}],"about":[{"href":"https:\/\/blogs2.correiobraziliense.com.br\/cbpoder\/wp-json\/wp\/v2\/types\/post"}],"author":[{"embeddable":true,"href":"https:\/\/blogs2.correiobraziliense.com.br\/cbpoder\/wp-json\/wp\/v2\/users\/9"}],"replies":[{"embeddable":true,"href":"https:\/\/blogs2.correiobraziliense.com.br\/cbpoder\/wp-json\/wp\/v2\/comments?post=17652"}],"version-history":[{"count":1,"href":"https:\/\/blogs2.correiobraziliense.com.br\/cbpoder\/wp-json\/wp\/v2\/posts\/17652\/revisions"}],"predecessor-version":[{"id":17656,"href":"https:\/\/blogs2.correiobraziliense.com.br\/cbpoder\/wp-json\/wp\/v2\/posts\/17652\/revisions\/17656"}],"wp:featuredmedia":[{"embeddable":true,"href":"https:\/\/blogs2.correiobraziliense.com.br\/cbpoder\/wp-json\/wp\/v2\/media\/17197"}],"wp:attachment":[{"href":"https:\/\/blogs2.correiobraziliense.com.br\/cbpoder\/wp-json\/wp\/v2\/media?parent=17652"}],"wp:term":[{"taxonomy":"category","embeddable":true,"href":"https:\/\/blogs2.correiobraziliense.com.br\/cbpoder\/wp-json\/wp\/v2\/categories?post=17652"},{"taxonomy":"post_tag","embeddable":true,"href":"https:\/\/blogs2.correiobraziliense.com.br\/cbpoder\/wp-json\/wp\/v2\/tags?post=17652"}],"curies":[{"name":"wp","href":"https:\/\/api.w.org\/{rel}","templated":true}]}}