{"id":17758,"date":"2020-03-14T14:47:24","date_gmt":"2020-03-14T17:47:24","guid":{"rendered":"https:\/\/blogs2.correiobraziliense.com.br\/cbpoder\/?p=17758"},"modified":"2020-03-14T15:03:37","modified_gmt":"2020-03-14T18:03:37","slug":"ja-sao-8-casos-de-coronavirus-no-df-mais-um-da-comitiva-de-bolsonaro-aos-estados-unidos","status":"publish","type":"post","link":"https:\/\/blogs2.correiobraziliense.com.br\/cbpoder\/ja-sao-8-casos-de-coronavirus-no-df-mais-um-da-comitiva-de-bolsonaro-aos-estados-unidos\/","title":{"rendered":"J\u00e1 s\u00e3o 8 casos de coronav\u00edrus no DF: mais um da comitiva de Bolsonaro aos Estados Unidos"},"content":{"rendered":"<h5>ANA MARIA CAMPOS<\/h5>\n<p>O Distrito Federal tem 8 casos confirmados de coronav\u00edrus. Os n\u00fameros de infectados come\u00e7aram a subir. Al\u00e9m das 5 pessoas contaminadas que estavam contabilizadas nesta manh\u00e3 (14\/03), o GDF tem informa\u00e7\u00f5es sobre mais tr\u00eas resultados positivos.<\/p>\n<p>&nbsp;<\/p>\n<p>Tratam-se de tr\u00eas integrantes da comitiva que viajou na semana passada a Miami com o presidente Jair Bolsonaro. S\u00e3o eles: o senador Nelson Trad, a advogada Karina Kufa e o secret\u00e1rio-adjunto de Comunica\u00e7\u00e3o da Presid\u00eancia da Rep\u00fablica, Samy Liberman. Os tr\u00eas fizeram coleta domiciliar.<\/p>\n<p>&nbsp;<\/p>\n<p>Al\u00e9m desses, h\u00e1 o casal de advogados que viajou ao Reino Unido, o vice-presidente do Flamengo, Maur\u00edcio Gomes de Mattos, um funcion\u00e1rio da Anvisa e um consultor do BID (Banco Interamericano de Desenvolvimento).<\/p>\n<p>&nbsp;<\/p>\n<p>Com o novo caso confirmado na Secretaria de Comunica\u00e7\u00e3o da Presid\u00eancia, j\u00e1 s\u00e3o 5 positivos na comitiva de Bolsonaro: o secret\u00e1rio de Comunica\u00e7\u00e3o F\u00e1bio Wajngarten, o senador Nelson Trad, o diplomata Nelson Foster, indicado para ser o embaixador do Brasil em Washington, e a advogada Karina Kufa. Sem contar o prefeito de Miami, Francis Suarez.<\/p>\n<p>&nbsp;<\/p>\n<p>Eles estiveram em jantar com o presidente dos Estados Unidos, Donald Trump.<\/p>\n<p>&nbsp;<\/p>\n<p>At\u00e9 agora, todos os casos confirmados de coronav\u00edrus estiveram recentemente em viagem internacional aos Estados Unidos ou Europa.<\/p>\n","protected":false},"excerpt":{"rendered":"<p>ANA MARIA CAMPOS O Distrito Federal tem 8 casos confirmados de coronav\u00edrus. Os n\u00fameros de infectados come\u00e7aram a subir. Al\u00e9m das 5 pessoas contaminadas que estavam contabilizadas nesta manh\u00e3 (14\/03), o GDF tem informa\u00e7\u00f5es sobre mais tr\u00eas resultados positivos. &nbsp; Tratam-se de tr\u00eas integrantes da comitiva que viajou na semana passada a Miami com o [&hellip;]<\/p>\n","protected":false},"author":9,"featured_media":17739,"comment_status":"open","ping_status":"closed","sticky":false,"template":"","format":"standard","meta":{"wpb_read_more":[],"footnotes":""},"categories":[234],"tags":[2155,2085],"class_list":["post-17758","post","type-post","status-publish","format-standard","has-post-thumbnail","hentry","category-cb-poder","tag-8-casos","tag-coronavirus"],"_links":{"self":[{"href":"https:\/\/blogs2.correiobraziliense.com.br\/cbpoder\/wp-json\/wp\/v2\/posts\/17758","targetHints":{"allow":["GET"]}}],"collection":[{"href":"https:\/\/blogs2.correiobraziliense.com.br\/cbpoder\/wp-json\/wp\/v2\/posts"}],"about":[{"href":"https:\/\/blogs2.correiobraziliense.com.br\/cbpoder\/wp-json\/wp\/v2\/types\/post"}],"author":[{"embeddable":true,"href":"https:\/\/blogs2.correiobraziliense.com.br\/cbpoder\/wp-json\/wp\/v2\/users\/9"}],"replies":[{"embeddable":true,"href":"https:\/\/blogs2.correiobraziliense.com.br\/cbpoder\/wp-json\/wp\/v2\/comments?post=17758"}],"version-history":[{"count":3,"href":"https:\/\/blogs2.correiobraziliense.com.br\/cbpoder\/wp-json\/wp\/v2\/posts\/17758\/revisions"}],"predecessor-version":[{"id":17761,"href":"https:\/\/blogs2.correiobraziliense.com.br\/cbpoder\/wp-json\/wp\/v2\/posts\/17758\/revisions\/17761"}],"wp:featuredmedia":[{"embeddable":true,"href":"https:\/\/blogs2.correiobraziliense.com.br\/cbpoder\/wp-json\/wp\/v2\/media\/17739"}],"wp:attachment":[{"href":"https:\/\/blogs2.correiobraziliense.com.br\/cbpoder\/wp-json\/wp\/v2\/media?parent=17758"}],"wp:term":[{"taxonomy":"category","embeddable":true,"href":"https:\/\/blogs2.correiobraziliense.com.br\/cbpoder\/wp-json\/wp\/v2\/categories?post=17758"},{"taxonomy":"post_tag","embeddable":true,"href":"https:\/\/blogs2.correiobraziliense.com.br\/cbpoder\/wp-json\/wp\/v2\/tags?post=17758"}],"curies":[{"name":"wp","href":"https:\/\/api.w.org\/{rel}","templated":true}]}}