{"id":17826,"date":"2020-03-17T07:53:12","date_gmt":"2020-03-17T10:53:12","guid":{"rendered":"https:\/\/blogs2.correiobraziliense.com.br\/cbpoder\/?p=17826"},"modified":"2020-03-17T07:53:12","modified_gmt":"2020-03-17T10:53:12","slug":"associacao-teme-contaminacao-entre-presos-advogados-juizes-e-funcionarios-em-presidios-do-df","status":"publish","type":"post","link":"https:\/\/blogs2.correiobraziliense.com.br\/cbpoder\/associacao-teme-contaminacao-entre-presos-advogados-juizes-e-funcionarios-em-presidios-do-df\/","title":{"rendered":"Associa\u00e7\u00e3o teme contamina\u00e7\u00e3o entre presos, advogados, ju\u00edzes e funcion\u00e1rios em pres\u00eddios do DF"},"content":{"rendered":"<h6><strong><em>\u00c0 QUEIMA-ROUPA<\/em><\/strong><\/h6>\n<p><strong>Jo\u00e3o Pitaluga<\/strong><br \/>\nPresidente da Associa\u00e7\u00e3o Brasiliense de Medicina Legal (AbrML)<\/p>\n<blockquote><p><em>\u201cAgentes penitenci\u00e1rios, advogados, funcion\u00e1rios terceirizados e ju\u00edzes visitam os pres\u00eddios diariamente e podem contaminar e serem contaminados se n\u00e3o agirmos logo\u201d<\/em><\/p><\/blockquote>\n<p><strong>Hoje o surto de coronav\u00edrus est\u00e1 restrito a pessoas que chegaram de viagens internacionais. Mas sabemos que a transmiss\u00e3o comunit\u00e1ria \u00e9 quest\u00e3o de tempo. O que pode acontecer se o novo v\u00edrus chegar \u00e0 popula\u00e7\u00e3o carcer\u00e1ria?<\/strong><\/p>\n<p>Infelizmente, a contamina\u00e7\u00e3o comunit\u00e1ria \u00e9 uma quest\u00e3o de tempo. Hoje surgiu a informa\u00e7\u00e3o dos primeiros casos no DF, no entanto, a SES n\u00e3o confirmou a informa\u00e7\u00e3o. Na contamina\u00e7\u00e3o comunit\u00e1ria, n\u00e3o \u00e9 poss\u00edvel identificar a trajet\u00f3ria do v\u00edrus e esse \u00e9 mais um motivo para termos todo o cuidado com as popula\u00e7\u00f5es vulner\u00e1veis e a popula\u00e7\u00e3o carcer\u00e1ria \u00e9 uma delas pela pr\u00f3pria aglomera\u00e7\u00e3o e pouca ventila\u00e7\u00e3o que a condi\u00e7\u00e3o carcer\u00e1ria imp\u00f5e. Isso p\u00f5e em risco a sa\u00fade p\u00fablica, mas tamb\u00e9m a seguran\u00e7a p\u00fablica.<\/p>\n<p><strong>H\u00e1 como evitar que se alastre se um preso for infectado?<\/strong><\/p>\n<p>S\u00f3 h\u00e1 uma forma de evitarmos o alastramento da Covid-19 nos pres\u00eddios, atrav\u00e9s de um plano de conting\u00eancia entre a Secretaria de Seguran\u00e7a, Secretaria do Sistema Penitenci\u00e1rio e Secretaria de Sa\u00fade. Tenho certeza absoluta de que essas secretarias j\u00e1 est\u00e3o se articulando e tra\u00e7ando estrat\u00e9gias de enfrentamento dessa infec\u00e7\u00e3o, com a preserva\u00e7\u00e3o da sa\u00fade e da seguran\u00e7a de todos. A ABrML \u00e9 formada de peritos m\u00e9dico-legistas que possuem conhecimento t\u00e9cnico em sa\u00fade e seguran\u00e7a, uma vez que somos m\u00e9dicos e policiais civis e, assim, \u00e9 fundamental o nosso envolvimento nessas estrat\u00e9gias. E estamos \u00e0 disposi\u00e7\u00e3o para contribuir para o \u00eaxito desse plano de conting\u00eancia.<\/p>\n<p><strong>Um surto dentro do pres\u00eddio pode colocar servidores, policiais, ju\u00edzes e visitantes sob risco. Como evitar que isso ocorra?<\/strong><\/p>\n<p>Como falei, apenas uma a\u00e7\u00e3o integrada entre essas secretarias pode mitigar o risco de vivenciarmos uma trag\u00e9dia nos pres\u00eddios do DF. Agentes penitenci\u00e1rios, advogados, funcion\u00e1rios terceirizados e ju\u00edzes visitam os pres\u00eddios diariamente e podem contaminar e serem contaminados se n\u00e3o agirmos logo.<\/p>\n<p><strong>Como tem sido em outros pa\u00edses?<\/strong><\/p>\n<p>Os Estados Unidos j\u00e1 tra\u00e7aram estrat\u00e9gias de enfrentamento para os pres\u00eddios federais. J\u00e1 o Ir\u00e3 v\u00ea sua popula\u00e7\u00e3o de presos completamente adoecida e cogita inclusive soltar parte desses, o que compromete demais a seguran\u00e7a de todos.<\/p>\n<p><strong>H\u00e1 uma expectativa de n\u00famero de infec\u00e7\u00f5es no DF?<\/strong><\/p>\n<p>N\u00e3o h\u00e1 como prevermos o cen\u00e1rio no DF. Acredito que mais importante que prevermos o futuro \u00e9 agirmos agora com cidadania, respeitando as determina\u00e7\u00f5es das autoridades p\u00fablicas e evitando aglomera\u00e7\u00f5es. N\u00f3s, m\u00e9dicos legistas, estamos prontos para enfrentar esse desafio junto com toda a Pol\u00edcia Civil do Distrito Federal e os demais servidores p\u00fablicos.<\/p>\n<p><strong>O senhor aprova as medidas adotadas at\u00e9 agora pelo governador Ibaneis?<\/strong><\/p>\n<p>Muito se criticou o governador quando ele decretou as primeiras medidas, como a suspens\u00e3o de escolas e de shows, mas sabemos que o melhor rem\u00e9dio para esse v\u00edrus \u00e9 evitarmos aglomera\u00e7\u00f5es, ent\u00e3o o governador foi prudente e est\u00e1 correto. Mas ainda assim precisamos seguir e novas medidas precisam ser tomadas como o plano de conting\u00eancia da Covid-19 para a popula\u00e7\u00e3o carcer\u00e1ria.<\/p>\n","protected":false},"excerpt":{"rendered":"<p>\u00c0 QUEIMA-ROUPA Jo\u00e3o Pitaluga Presidente da Associa\u00e7\u00e3o Brasiliense de Medicina Legal (AbrML) \u201cAgentes penitenci\u00e1rios, advogados, funcion\u00e1rios terceirizados e ju\u00edzes visitam os pres\u00eddios diariamente e podem contaminar e serem contaminados se n\u00e3o agirmos logo\u201d Hoje o surto de coronav\u00edrus est\u00e1 restrito a pessoas que chegaram de viagens internacionais. Mas sabemos que a transmiss\u00e3o comunit\u00e1ria \u00e9 quest\u00e3o [&hellip;]<\/p>\n","protected":false},"author":9,"featured_media":17829,"comment_status":"open","ping_status":"closed","sticky":false,"template":"","format":"standard","meta":{"wpb_read_more":[],"footnotes":""},"categories":[2089],"tags":[2181,2182],"class_list":["post-17826","post","type-post","status-publish","format-standard","has-post-thumbnail","hentry","category-eixo-capital","tag-abrml","tag-joao-pitaluga"],"_links":{"self":[{"href":"https:\/\/blogs2.correiobraziliense.com.br\/cbpoder\/wp-json\/wp\/v2\/posts\/17826","targetHints":{"allow":["GET"]}}],"collection":[{"href":"https:\/\/blogs2.correiobraziliense.com.br\/cbpoder\/wp-json\/wp\/v2\/posts"}],"about":[{"href":"https:\/\/blogs2.correiobraziliense.com.br\/cbpoder\/wp-json\/wp\/v2\/types\/post"}],"author":[{"embeddable":true,"href":"https:\/\/blogs2.correiobraziliense.com.br\/cbpoder\/wp-json\/wp\/v2\/users\/9"}],"replies":[{"embeddable":true,"href":"https:\/\/blogs2.correiobraziliense.com.br\/cbpoder\/wp-json\/wp\/v2\/comments?post=17826"}],"version-history":[{"count":1,"href":"https:\/\/blogs2.correiobraziliense.com.br\/cbpoder\/wp-json\/wp\/v2\/posts\/17826\/revisions"}],"predecessor-version":[{"id":17830,"href":"https:\/\/blogs2.correiobraziliense.com.br\/cbpoder\/wp-json\/wp\/v2\/posts\/17826\/revisions\/17830"}],"wp:featuredmedia":[{"embeddable":true,"href":"https:\/\/blogs2.correiobraziliense.com.br\/cbpoder\/wp-json\/wp\/v2\/media\/17829"}],"wp:attachment":[{"href":"https:\/\/blogs2.correiobraziliense.com.br\/cbpoder\/wp-json\/wp\/v2\/media?parent=17826"}],"wp:term":[{"taxonomy":"category","embeddable":true,"href":"https:\/\/blogs2.correiobraziliense.com.br\/cbpoder\/wp-json\/wp\/v2\/categories?post=17826"},{"taxonomy":"post_tag","embeddable":true,"href":"https:\/\/blogs2.correiobraziliense.com.br\/cbpoder\/wp-json\/wp\/v2\/tags?post=17826"}],"curies":[{"name":"wp","href":"https:\/\/api.w.org\/{rel}","templated":true}]}}