{"id":17990,"date":"2020-03-24T10:07:18","date_gmt":"2020-03-24T13:07:18","guid":{"rendered":"https:\/\/blogs2.correiobraziliense.com.br\/cbpoder\/?p=17990"},"modified":"2020-03-24T10:25:46","modified_gmt":"2020-03-24T13:25:46","slug":"primeiro-boletim-desta-terca-nao-mostra-nenhum-novo-caso-de-coronavirus-no-df","status":"publish","type":"post","link":"https:\/\/blogs2.correiobraziliense.com.br\/cbpoder\/primeiro-boletim-desta-terca-nao-mostra-nenhum-novo-caso-de-coronavirus-no-df\/","title":{"rendered":"Primeiro boletim desta ter\u00e7a n\u00e3o mostra nenhum novo caso de coronav\u00edrus no DF"},"content":{"rendered":"<h4>ANA MARIA CAMPOS<\/h4>\n<p>O n\u00famero de infectados por coronav\u00edrus no Distrito Federal, na manh\u00e3 de ter\u00e7a-feira (24\/03), se mant\u00e9m em 146, como na noite dessa segunda-feira (23\/3). Ao longo do dia, novos balan\u00e7os devem ser divulgados.<\/p>\n<p>H\u00e1 oito pessoas hospitalizadas e nenhuma morte. S\u00e3o 3.642 casos suspeitos, sendo que 2.017 foram descartados.<\/p>\n<p>&nbsp;<\/p>\n<p><a href=\"https:\/\/blogs2.correiobraziliense.com.br\/cbpoder\/wp-content\/uploads\/sites\/5\/2020\/03\/66688430-1BC5-4CE2-9511-ED8AB3646818.jpeg\"><img loading=\"lazy\" decoding=\"async\" class=\"alignnone size-large wp-image-17991\" src=\"https:\/\/blogs2.correiobraziliense.com.br\/cbpoder\/wp-content\/uploads\/sites\/5\/2020\/03\/66688430-1BC5-4CE2-9511-ED8AB3646818-1024x624.jpeg\" alt=\"\" width=\"1024\" height=\"624\" srcset=\"https:\/\/blogs2.correiobraziliense.com.br\/cbpoder\/wp-content\/uploads\/sites\/5\/2020\/03\/66688430-1BC5-4CE2-9511-ED8AB3646818.jpeg 1024w, https:\/\/blogs2.correiobraziliense.com.br\/cbpoder\/wp-content\/uploads\/sites\/5\/2020\/03\/66688430-1BC5-4CE2-9511-ED8AB3646818-300x183.jpeg 300w, https:\/\/blogs2.correiobraziliense.com.br\/cbpoder\/wp-content\/uploads\/sites\/5\/2020\/03\/66688430-1BC5-4CE2-9511-ED8AB3646818-768x468.jpeg 768w, https:\/\/blogs2.correiobraziliense.com.br\/cbpoder\/wp-content\/uploads\/sites\/5\/2020\/03\/66688430-1BC5-4CE2-9511-ED8AB3646818-350x213.jpeg 350w, https:\/\/blogs2.correiobraziliense.com.br\/cbpoder\/wp-content\/uploads\/sites\/5\/2020\/03\/66688430-1BC5-4CE2-9511-ED8AB3646818-550x335.jpeg 550w, https:\/\/blogs2.correiobraziliense.com.br\/cbpoder\/wp-content\/uploads\/sites\/5\/2020\/03\/66688430-1BC5-4CE2-9511-ED8AB3646818-230x140.jpeg 230w\" sizes=\"auto, (max-width: 1024px) 100vw, 1024px\" \/><\/a><\/p>\n<p>&nbsp;<\/p>\n<p>&nbsp;<\/p>\n","protected":false},"excerpt":{"rendered":"<p>ANA MARIA CAMPOS O n\u00famero de infectados por coronav\u00edrus no Distrito Federal, na manh\u00e3 de ter\u00e7a-feira (24\/03), se mant\u00e9m em 146, como na noite dessa segunda-feira (23\/3). Ao longo do dia, novos balan\u00e7os devem ser divulgados. H\u00e1 oito pessoas hospitalizadas e nenhuma morte. S\u00e3o 3.642 casos suspeitos, sendo que 2.017 foram descartados. &nbsp; &nbsp; &nbsp;<\/p>\n","protected":false},"author":9,"featured_media":17727,"comment_status":"open","ping_status":"closed","sticky":false,"template":"","format":"standard","meta":{"wpb_read_more":[],"footnotes":""},"categories":[234],"tags":[2217,2085,179],"class_list":["post-17990","post","type-post","status-publish","format-standard","has-post-thumbnail","hentry","category-cb-poder","tag-boletim","tag-coronavirus","tag-df"],"_links":{"self":[{"href":"https:\/\/blogs2.correiobraziliense.com.br\/cbpoder\/wp-json\/wp\/v2\/posts\/17990","targetHints":{"allow":["GET"]}}],"collection":[{"href":"https:\/\/blogs2.correiobraziliense.com.br\/cbpoder\/wp-json\/wp\/v2\/posts"}],"about":[{"href":"https:\/\/blogs2.correiobraziliense.com.br\/cbpoder\/wp-json\/wp\/v2\/types\/post"}],"author":[{"embeddable":true,"href":"https:\/\/blogs2.correiobraziliense.com.br\/cbpoder\/wp-json\/wp\/v2\/users\/9"}],"replies":[{"embeddable":true,"href":"https:\/\/blogs2.correiobraziliense.com.br\/cbpoder\/wp-json\/wp\/v2\/comments?post=17990"}],"version-history":[{"count":3,"href":"https:\/\/blogs2.correiobraziliense.com.br\/cbpoder\/wp-json\/wp\/v2\/posts\/17990\/revisions"}],"predecessor-version":[{"id":17994,"href":"https:\/\/blogs2.correiobraziliense.com.br\/cbpoder\/wp-json\/wp\/v2\/posts\/17990\/revisions\/17994"}],"wp:featuredmedia":[{"embeddable":true,"href":"https:\/\/blogs2.correiobraziliense.com.br\/cbpoder\/wp-json\/wp\/v2\/media\/17727"}],"wp:attachment":[{"href":"https:\/\/blogs2.correiobraziliense.com.br\/cbpoder\/wp-json\/wp\/v2\/media?parent=17990"}],"wp:term":[{"taxonomy":"category","embeddable":true,"href":"https:\/\/blogs2.correiobraziliense.com.br\/cbpoder\/wp-json\/wp\/v2\/categories?post=17990"},{"taxonomy":"post_tag","embeddable":true,"href":"https:\/\/blogs2.correiobraziliense.com.br\/cbpoder\/wp-json\/wp\/v2\/tags?post=17990"}],"curies":[{"name":"wp","href":"https:\/\/api.w.org\/{rel}","templated":true}]}}