{"id":18064,"date":"2020-03-27T19:51:54","date_gmt":"2020-03-27T22:51:54","guid":{"rendered":"https:\/\/blogs2.correiobraziliense.com.br\/cbpoder\/?p=18064"},"modified":"2020-03-27T19:51:54","modified_gmt":"2020-03-27T22:51:54","slug":"coronavirus-sesipe-anuncia-suspensao-de-visitas-aos-presidios-por-mais-uma-semana","status":"publish","type":"post","link":"https:\/\/blogs2.correiobraziliense.com.br\/cbpoder\/coronavirus-sesipe-anuncia-suspensao-de-visitas-aos-presidios-por-mais-uma-semana\/","title":{"rendered":"Coronav\u00edrus: SESIPE anuncia suspens\u00e3o de visitas aos pres\u00eddios por mais uma semana"},"content":{"rendered":"<h4><strong>ANA MARIA CAMPOS<\/strong><\/h4>\n<p>As visitas nos pres\u00eddios do Distrito Federal v\u00e3o ficar suspensas por pelo menos mais uma semana. A Subsecretaria do Sistema Penitenci\u00e1rio (SESIPE) anunciou, nesta sexta-feira (27), que no pr\u00f3ximo de 3 de abril, ser\u00e1 feita uma nova avalia\u00e7\u00e3o antes de uma decis\u00e3o.<\/p>\n<p>&nbsp;<\/p>\n<p>A medida est\u00e1 em vigor desde 12 de mar\u00e7o, como preven\u00e7\u00e3o ao cont\u00e1gio pelo novo coronav\u00edrus por meio de visitantes aos internos, o que poderia resultar numa contamina\u00e7\u00e3o em massa.<\/p>\n<p>&nbsp;<\/p>\n<p>Semanalmente, as visitas ocorrem nas unidades prisionais \u00e0s quartas e quintas-feiras. \u00c0s sextas uma pequena parcela de sentenciados recebem visitantes. \u201cN\u00e3o temos nenhum caso de cont\u00e1gio nos pres\u00eddios, o que se deve \u00e0 cautela e \u00e0s suspens\u00f5es realizadas, tanto pela Seguran\u00e7a como pelos \u00f3rg\u00e3os de justi\u00e7a\u201d, explicou o subsecret\u00e1rio do Sistema Penitenci\u00e1rio do Distrito Federal, o delegado Adval Cardoso.<\/p>\n<p>&nbsp;<\/p>\n<p>As audi\u00eancias judiciais est\u00e3o suspensas at\u00e9 o pr\u00f3ximo dia 30 de mar\u00e7o, de acordo com portaria emitida pelo Tribunal de Justi\u00e7a do Distrito Federal e Territ\u00f3rios (TJDFT). Ser\u00e3o realizadas somente aquelas com extrema necessidade. Desta forma, as escoltas judiciais ficam suspensas. As hospitalares est\u00e3o ocorrendo em casos necess\u00e1rios.<\/p>\n<p>O banho de sol teve hor\u00e1rio estendido, para compensa\u00e7\u00e3o da suspens\u00e3o de visitas e assepsia de celas. \u201cAs unidades adotam a rotina di\u00e1ria de duas horas de banho de sol. Dentro da possibilidade de cada pres\u00eddio, o hor\u00e1rio ser\u00e1 estendido para tr\u00eas horas\u201d.<\/p>\n<p><strong><br \/>\nDoa\u00e7\u00f5es<\/strong><\/p>\n<p>A higieniza\u00e7\u00e3o de celas e viaturas foi refor\u00e7ada. Al\u00e9m da utiliza\u00e7\u00e3o de uma tonelada de sab\u00e3o em p\u00f3 recebido pelo GDF como doa\u00e7\u00e3o Sindicato do Com\u00e9rcio Atacadista do DF (Sindiatacadista-DF), a limpeza incluir\u00e1 o Hipoclorito de S\u00f3dio, componente da \u00e1gua sanit\u00e1ria.<\/p>\n<p>O Sistema Penitenci\u00e1rio tamb\u00e9m recebeu nesta semana 4 mil litros de \u00e1gua sanit\u00e1ria da C\u00e2mara de Diretores Lojistas do Distrito Federal (CDL &#8211; DF) e, na quinta-feira (26), o Sindicato dos Policiais Penais do Distrito Federal (Sindpen-DF) doou 3 mil litros de \u00e1lcool 70% para auxiliar na limpeza.<\/p>\n","protected":false},"excerpt":{"rendered":"<p>ANA MARIA CAMPOS As visitas nos pres\u00eddios do Distrito Federal v\u00e3o ficar suspensas por pelo menos mais uma semana. A Subsecretaria do Sistema Penitenci\u00e1rio (SESIPE) anunciou, nesta sexta-feira (27), que no pr\u00f3ximo de 3 de abril, ser\u00e1 feita uma nova avalia\u00e7\u00e3o antes de uma decis\u00e3o. &nbsp; A medida est\u00e1 em vigor desde 12 de mar\u00e7o, [&hellip;]<\/p>\n","protected":false},"author":9,"featured_media":13849,"comment_status":"open","ping_status":"closed","sticky":false,"template":"","format":"standard","meta":{"wpb_read_more":[],"footnotes":""},"categories":[234],"tags":[2085,1067],"class_list":["post-18064","post","type-post","status-publish","format-standard","has-post-thumbnail","hentry","category-cb-poder","tag-coronavirus","tag-penitenciaria"],"_links":{"self":[{"href":"https:\/\/blogs2.correiobraziliense.com.br\/cbpoder\/wp-json\/wp\/v2\/posts\/18064","targetHints":{"allow":["GET"]}}],"collection":[{"href":"https:\/\/blogs2.correiobraziliense.com.br\/cbpoder\/wp-json\/wp\/v2\/posts"}],"about":[{"href":"https:\/\/blogs2.correiobraziliense.com.br\/cbpoder\/wp-json\/wp\/v2\/types\/post"}],"author":[{"embeddable":true,"href":"https:\/\/blogs2.correiobraziliense.com.br\/cbpoder\/wp-json\/wp\/v2\/users\/9"}],"replies":[{"embeddable":true,"href":"https:\/\/blogs2.correiobraziliense.com.br\/cbpoder\/wp-json\/wp\/v2\/comments?post=18064"}],"version-history":[{"count":1,"href":"https:\/\/blogs2.correiobraziliense.com.br\/cbpoder\/wp-json\/wp\/v2\/posts\/18064\/revisions"}],"predecessor-version":[{"id":18065,"href":"https:\/\/blogs2.correiobraziliense.com.br\/cbpoder\/wp-json\/wp\/v2\/posts\/18064\/revisions\/18065"}],"wp:featuredmedia":[{"embeddable":true,"href":"https:\/\/blogs2.correiobraziliense.com.br\/cbpoder\/wp-json\/wp\/v2\/media\/13849"}],"wp:attachment":[{"href":"https:\/\/blogs2.correiobraziliense.com.br\/cbpoder\/wp-json\/wp\/v2\/media?parent=18064"}],"wp:term":[{"taxonomy":"category","embeddable":true,"href":"https:\/\/blogs2.correiobraziliense.com.br\/cbpoder\/wp-json\/wp\/v2\/categories?post=18064"},{"taxonomy":"post_tag","embeddable":true,"href":"https:\/\/blogs2.correiobraziliense.com.br\/cbpoder\/wp-json\/wp\/v2\/tags?post=18064"}],"curies":[{"name":"wp","href":"https:\/\/api.w.org\/{rel}","templated":true}]}}