{"id":18094,"date":"2020-03-31T07:27:58","date_gmt":"2020-03-31T10:27:58","guid":{"rendered":"https:\/\/blogs2.correiobraziliense.com.br\/cbpoder\/?p=18094"},"modified":"2020-03-31T07:59:31","modified_gmt":"2020-03-31T10:59:31","slug":"brasilia-e-a-cidade-mais-critica-do-pais-para-a-disseminacao-do-novo-coronavirus","status":"publish","type":"post","link":"https:\/\/blogs2.correiobraziliense.com.br\/cbpoder\/brasilia-e-a-cidade-mais-critica-do-pais-para-a-disseminacao-do-novo-coronavirus\/","title":{"rendered":"Bras\u00edlia \u00e9 a cidade mais cr\u00edtica do pa\u00eds para a dissemina\u00e7\u00e3o do novo coronav\u00edrus"},"content":{"rendered":"<h6><strong>Coluna Eixo Capital\/Por Ana Maria Campos<\/strong><\/h6>\n<p>\u00c0s v\u00e9speras de completar 60 anos, Bras\u00edlia se tornou a cidade mais cr\u00edtica do pa\u00eds para a dissemina\u00e7\u00e3o do novo coronav\u00edrus. Proporcionalmente \u00e0 popula\u00e7\u00e3o, <a href=\"https:\/\/www.correiobraziliense.com.br\/app\/noticia\/cidades\/2020\/03\/30\/interna_cidadesdf,841316\/coeficiente-de-incidencia-da-covid-19-no-df-e-o-mais-elevado-do-pais.shtml\">o Distrito Federal tem o maior \u00edndice de incid\u00eancias<\/a>. Enquanto a m\u00e9dia do pa\u00eds \u00e9 de dois casos para 100 mil habitantes, no DF a conta chega a 9,5. Acre e Cear\u00e1 empatam no segundo lugar do ranking do Minist\u00e9rio da Sa\u00fade, com 3,8. S\u00e3o Paulo e Rio de Janeiro t\u00eam uma m\u00e9dia de, respectivamente, 3,1 e 3,5 casos a cada 100 mil habitantes.<\/p>\n<p>E por que a capital do pa\u00eds enfrenta cen\u00e1rio pior? Justamente pelo motivo pelo qual foi criada: receber cidad\u00e3os de todos os estados, pol\u00edticos e suas equipes que circulam pelo pa\u00eds inteiro e ser a sede das embaixadas. Sorte que medidas restritivas foram adotadas pelo governador Ibaneis Rocha logo no in\u00edcio da pandemia.<\/p>\n<h2><strong>\u00cdndices nas alturas<\/strong><\/h2>\n<p>Pegando a m\u00e9dia nacional, \u00e9 poss\u00edvel verificar como algumas regi\u00f5es do DF apresentam \u00edndices altos de contamina\u00e7\u00e3o. No Lago Sul, h\u00e1 174,80 casos por 100 mil habitantes. No Sudoeste\/Octogonal, s\u00e3o 57,91 e no Plano Piloto, 39,08.<\/p>\n<h2><strong>Decis\u00f5es t\u00e9cnicas<\/strong><\/h2>\n<p>A 3\u00aa Vara de Fazenda P\u00fablica do Distrito Federal negou o pedido do Sindicato dos M\u00e9dicos do Distrito Federal (Sindm\u00e9dico-DF) para suspender, em todo o DF, as cirurgias e os procedimentos m\u00e9dicos eletivos, al\u00e9m dos atendimentos ambulatoriais que n\u00e3o sejam de emerg\u00eancia, at\u00e9 a normaliza\u00e7\u00e3o da situa\u00e7\u00e3o atual de epidemia. O magistrado disse que n\u00e3o restam d\u00favidas de que o DF tem adotado diversas medidas de conten\u00e7\u00e3o da epidemia, que implicam decis\u00f5es em \u00e2mbito administrativo e an\u00e1lise t\u00e9cnica, assim n\u00e3o cabe ao Poder Judici\u00e1rio intervir.<\/p>\n<blockquote>\n<p style=\"text-align: right\">&#8220;No momento, a gente deve manter o m\u00e1ximo grau de distanciamento social, para que a gente possa, nas regras que est\u00e3o nos estados, dar tempo para que o sistema\u00a0 (de sa\u00fade) se consolide na sua expans\u00e3o&#8221;.<br \/>\n<strong>Ministro da Sa\u00fade, Luiz Henrique Mandetta<\/strong><\/p>\n<p style=\"text-align: right\">\u201c38 milh\u00f5es de aut\u00f4nomos j\u00e1 foram atingidos. Se as empresas n\u00e3o produzirem, n\u00e3o pagar\u00e3o sal\u00e1rios. Se a economia colapsar, os servidores tamb\u00e9m n\u00e3o receber\u00e3o. Devemos abrir o com\u00e9rcio e tudo fazer para preservar a sa\u00fade dos idosos e portadores de comorbidades\u201d<br \/>\n<strong>Presidente Jair Bolsonaro<\/strong><\/p>\n<\/blockquote>\n","protected":false},"excerpt":{"rendered":"<p>Coluna Eixo Capital\/Por Ana Maria Campos \u00c0s v\u00e9speras de completar 60 anos, Bras\u00edlia se tornou a cidade mais cr\u00edtica do pa\u00eds para a dissemina\u00e7\u00e3o do novo coronav\u00edrus. Proporcionalmente \u00e0 popula\u00e7\u00e3o, o Distrito Federal tem o maior \u00edndice de incid\u00eancias. Enquanto a m\u00e9dia do pa\u00eds \u00e9 de dois casos para 100 mil habitantes, no DF a [&hellip;]<\/p>\n","protected":false},"author":9,"featured_media":18095,"comment_status":"open","ping_status":"closed","sticky":false,"template":"","format":"standard","meta":{"wpb_read_more":[],"footnotes":""},"categories":[2089],"tags":[2085,917],"class_list":["post-18094","post","type-post","status-publish","format-standard","has-post-thumbnail","hentry","category-eixo-capital","tag-coronavirus","tag-ibaneis-rocha"],"_links":{"self":[{"href":"https:\/\/blogs2.correiobraziliense.com.br\/cbpoder\/wp-json\/wp\/v2\/posts\/18094","targetHints":{"allow":["GET"]}}],"collection":[{"href":"https:\/\/blogs2.correiobraziliense.com.br\/cbpoder\/wp-json\/wp\/v2\/posts"}],"about":[{"href":"https:\/\/blogs2.correiobraziliense.com.br\/cbpoder\/wp-json\/wp\/v2\/types\/post"}],"author":[{"embeddable":true,"href":"https:\/\/blogs2.correiobraziliense.com.br\/cbpoder\/wp-json\/wp\/v2\/users\/9"}],"replies":[{"embeddable":true,"href":"https:\/\/blogs2.correiobraziliense.com.br\/cbpoder\/wp-json\/wp\/v2\/comments?post=18094"}],"version-history":[{"count":4,"href":"https:\/\/blogs2.correiobraziliense.com.br\/cbpoder\/wp-json\/wp\/v2\/posts\/18094\/revisions"}],"predecessor-version":[{"id":18103,"href":"https:\/\/blogs2.correiobraziliense.com.br\/cbpoder\/wp-json\/wp\/v2\/posts\/18094\/revisions\/18103"}],"wp:featuredmedia":[{"embeddable":true,"href":"https:\/\/blogs2.correiobraziliense.com.br\/cbpoder\/wp-json\/wp\/v2\/media\/18095"}],"wp:attachment":[{"href":"https:\/\/blogs2.correiobraziliense.com.br\/cbpoder\/wp-json\/wp\/v2\/media?parent=18094"}],"wp:term":[{"taxonomy":"category","embeddable":true,"href":"https:\/\/blogs2.correiobraziliense.com.br\/cbpoder\/wp-json\/wp\/v2\/categories?post=18094"},{"taxonomy":"post_tag","embeddable":true,"href":"https:\/\/blogs2.correiobraziliense.com.br\/cbpoder\/wp-json\/wp\/v2\/tags?post=18094"}],"curies":[{"name":"wp","href":"https:\/\/api.w.org\/{rel}","templated":true}]}}