{"id":18169,"date":"2020-04-05T14:30:18","date_gmt":"2020-04-05T17:30:18","guid":{"rendered":"https:\/\/blogs2.correiobraziliense.com.br\/cbpoder\/?p=18169"},"modified":"2020-04-05T14:34:56","modified_gmt":"2020-04-05T17:34:56","slug":"valdir-oliveira-nao-podemos-cair-na-armadilha-da-guerra-entre-a-vida-e-a-economia","status":"publish","type":"post","link":"https:\/\/blogs2.correiobraziliense.com.br\/cbpoder\/valdir-oliveira-nao-podemos-cair-na-armadilha-da-guerra-entre-a-vida-e-a-economia\/","title":{"rendered":"Valdir Oliveira: \u201cN\u00e3o podemos cair na armadilha da guerra entre a vida e a economia\u201d"},"content":{"rendered":"<h4>ANA MARIA CAMPOS &#8211; da coluna Eixo Capital<\/h4>\n<p><strong>Pequenas e micro empresas v\u00e3o sobreviver ao coronav\u00edrus?<\/strong><\/p>\n<p>Muitas n\u00e3o. J\u00e1 est\u00e3o indo a \u00f3bito como seres humanos acometidos por esse inimigo oculto em forma de v\u00edrus. Para os enfermos, o Estado luta com todas as for\u00e7as para sua recupera\u00e7\u00e3o, procurando estruturar o sistema de sa\u00fade e com medidas de preven\u00e7\u00e3o. No entanto, para nossas empresas, o Governo Federal demora com as medidas, acelerando a trag\u00e9dia do \u00f3bito empresarial sem que essas empresas tenham direito a tentativa de recupera\u00e7\u00e3o, levando consigo os empregos e a vida de fam\u00edlias que dependem desse pequeno neg\u00f3cio. Sem uma atua\u00e7\u00e3o urgente do Governo Federal, teremos uma carnificina empresarial que deixar\u00e1 um rastro de desemprego e sequelas sociais irrevers\u00edveis para nossa sociedadeValdir Oliveira: \u201c N\u00e3o podemos cair na armadilha da guerra entre a Vida e a Economia.<\/p>\n<p><strong>Os pa\u00edses que conseguiram controlar a pandemia foram rigorosos no isolamento social. Como compatibilizar essa medida com a sa\u00fade do setor produtivo?<\/strong><\/p>\n<p>N\u00e3o podemos cair na armadilha da guerra entre a Vida e a Economia. Essa disputa n\u00e3o existe e jamais deveria ser incentivada. A compreens\u00e3o das medidas e consequ\u00eancias desse v\u00edrus deve ser conduzida pela ci\u00eancia, a medicina deve orientar as decis\u00f5es de prote\u00e7\u00e3o \u00e0 vida. A economia precisar\u00e1 de a\u00e7\u00f5es que minimizem os efeitos dessas medidas, que devem ser cir\u00fargicas e paralelas \u00e0s a\u00e7\u00f5es de confinamento que paralisam a atividade econ\u00f4mica. N\u00e3o podemos opinar sobre o que n\u00e3o temos compet\u00eancia, muito menos multiplicar fake news de quem n\u00e3o mede as consequ\u00eancias de suas palavras, de suas teses, muitas vezes ideologizando e politizando uma crise que pode colocar em risco a pr\u00f3pria vida de quem preconiza solu\u00e7\u00f5es milagrosas do que n\u00e3o conhece ou de entes queridos ou at\u00e9 mesmo de desconhecidos que nunca ser\u00e3o ouvidos por aqueles que ser\u00e3o manipulados por essa rede de \u00f3dio que tomou conta do Pa\u00eds. Precisamos de liquidez para as empresas e para as pessoas. Garantir um subs\u00eddio, seja em forma de cr\u00e9dito ou de subven\u00e7\u00e3o, mas s\u00f3 a inje\u00e7\u00e3o de recursos salvar\u00e1 a economia. Essa medida de liquidez que o Governo Federal precisa implementar tem que ser simples e urgente, sob pena de termos o rem\u00e9dio e perdermos o paciente por incompet\u00eancia daqueles que s\u00e3o os respons\u00e1veis pela administra\u00e7\u00e3o da medica\u00e7\u00e3o.<\/p>\n<p><strong>Se n\u00e3o \u00e9 poss\u00edvel abrir as portas, qual \u00e9 a demanda desse setor?<\/strong><\/p>\n<p>Recursos financeiros. Dinheiro na m\u00e3o das pessoas e das empresas. H\u00e1 mais de um m\u00eas que essa crise se instalou no Brasil, e h\u00e1 muito mais tempo ela vem se desenvolvendo no mundo. O Governo Federal demorou a compreender a crise e suas consequ\u00eancias e est\u00e1 demorando na implementa\u00e7\u00e3o das a\u00e7\u00f5es necess\u00e1rias para o socorro das pessoas e das empresas. Est\u00e1 na hora do liberalismo dar lugar \u00e0 interven\u00e7\u00e3o do Estado no socorro das pessoas e das empresas. O Governo Federal precisa dos que conhecem a m\u00e1quina p\u00fablica, dos que est\u00e3o acostumados a fazer as pol\u00edticas p\u00fablicas sociais funcionarem para socorrermos o Pa\u00eds. As solu\u00e7\u00f5es n\u00e3o s\u00e3o de mercado. As solu\u00e7\u00f5es para essa crise s\u00e3o sociais e precisam de urg\u00eancia em suas implementa\u00e7\u00f5es. Sem faturamento, as empresas precisam de alternativas de recursos para girar o seu custo fixo no per\u00edodo da crise. Algumas empresas ter\u00e3o o cr\u00e9dito como alternativa, mas muitas pequenas precisam de subven\u00e7\u00e3o para sobreviver, porque o cr\u00e9dito n\u00e3o ser\u00e1 o rem\u00e9dio para recuperar a sustentabilidade de suas opera\u00e7\u00f5es. Para as empresas que tem capital e patrim\u00f4nio, uma reengenharia financeira trar\u00e1 o financiamento de seu custo fixo, mas as empresas pequenas, que formam a esmagadora maioria do conjunto empresarial, que n\u00e3o possuem capital nem patrim\u00f4nio, precisar\u00e3o de subven\u00e7\u00e3o, uma pol\u00edtica de renda m\u00ednima empresarial, que garantir\u00e1 a sua sobreviv\u00eancia nesse momento de portas fechadas.<\/p>\n<p><strong>Acha que o DF corre o risco de n\u00e3o honrar os sal\u00e1rios dos servidores pela queda na arrecada\u00e7\u00e3o?<\/strong><\/p>\n<p>O Governo do Distrito Federal tem conduzido a crise de forma exemplar. O Governador Ibaneis n\u00e3o tem politizado a crise, tem conduzido suas a\u00e7\u00f5es de forma cir\u00fargica, priorizando a prote\u00e7\u00e3o \u00e0 vida das pessoas, ouvindo o setor produtivo em suas demandas e procurando solu\u00e7\u00f5es que possam minimizar as consequ\u00eancias das medidas de quarentena. Mas \u00e9 imposs\u00edvel que o impacto na suspens\u00e3o da atividade econ\u00f4mica n\u00e3o reflita na queda da arrecada\u00e7\u00e3o tribut\u00e1ria. Precisamos torcer para que a crise na sa\u00fade seja logo controlada, para que a vida retome a normalidade e que isso possa evitar interrup\u00e7\u00f5es de pagamentos de sal\u00e1rios de servidores e outras despesas do Governo. O que \u00e9 importante \u00e9 entendermos que n\u00e3o pode existir disputa entre a vida e a economia. Quanto mais cedo resolvermos o controle dessa pandemia, mais cedo retornaremos a vida e a atividade econ\u00f4mica. Acelerar medidas que atrapalhem o controle da pandemia, significa atrasar a volta \u00e0 atividade econ\u00f4mica e prejudicar ainda mais a prote\u00e7\u00e3o aos empregos e a sustentabilidade das empresas. N\u00e3o podemos permitir que a economia domine a pauta da crise. A vida deve ser o foco principal.<\/p>\n<p><strong>Acredita que o mundo nunca mais ser\u00e1 o mesmo, como dizem algumas pessoas?<\/strong><\/p>\n<p>Sem d\u00favida. O mundo passa por transforma\u00e7\u00f5es profundas que refletem nas pessoas e no mercado. H\u00e1bitos pessoais e de consumo est\u00e3o mudando e se consolidando e teremos uma nova vida quando tudo isso passar.<\/p>\n<p><strong>Voc\u00ea olha o futuro com otimismo ou pessimismo?<\/strong><\/p>\n<p>Com otimismo sempre. As mudan\u00e7as trazem oportunidades de melhoria nas pessoas e nas empresas. Essa crise far\u00e1 despertar o lado humano e trar\u00e1 uma reflex\u00e3o sobre valores que est\u00e3o esquecidos. A crise refor\u00e7ar\u00e1 para uns e ensinar\u00e1 a outros que o melhor rem\u00e9dio \u00e9 a solidariedade. E para as empresas, a transforma\u00e7\u00e3o digital trar\u00e1 novas portas para o desenvolvimento de neg\u00f3cios, com possibilidade de crescimento e prosperidade para os que enxergarem esse novo mercado (nem t\u00e3o novo assim) e se adaptarem \u00e0s novas regras que ele ditar\u00e1.<\/p>\n<p><strong>O que cabe a cada cidad\u00e3o na supera\u00e7\u00e3o dessa crise sanit\u00e1ria e econ\u00f4mica?<\/strong><\/p>\n<p>Ser solid\u00e1rio, entender que ningu\u00e9m pode viver sozinho com seus ideais e suas cren\u00e7as. Compreender que ningu\u00e9m \u00e9 dono da verdade em nenhuma pauta, e que o \u00f3dio nunca foi e nunca ser\u00e1 um bom conselheiro.<\/p>\n<p><strong>E aos governos?<\/strong><\/p>\n<p>Proteger a vida das pessoas. Governo que n\u00e3o protege o cidad\u00e3o, n\u00e3o serve pra ser Governo.<\/p>\n","protected":false},"excerpt":{"rendered":"<p>ANA MARIA CAMPOS &#8211; da coluna Eixo Capital Pequenas e micro empresas v\u00e3o sobreviver ao coronav\u00edrus? Muitas n\u00e3o. J\u00e1 est\u00e3o indo a \u00f3bito como seres humanos acometidos por esse inimigo oculto em forma de v\u00edrus. Para os enfermos, o Estado luta com todas as for\u00e7as para sua recupera\u00e7\u00e3o, procurando estruturar o sistema de sa\u00fade e [&hellip;]<\/p>\n","protected":false},"author":9,"featured_media":13567,"comment_status":"open","ping_status":"closed","sticky":false,"template":"","format":"standard","meta":{"wpb_read_more":[],"footnotes":""},"categories":[234],"tags":[2085,1808,2271,1809],"class_list":["post-18169","post","type-post","status-publish","format-standard","has-post-thumbnail","hentry","category-cb-poder","tag-coronavirus","tag-sebrae","tag-setor-produtivo","tag-valdir-oliveira"],"_links":{"self":[{"href":"https:\/\/blogs2.correiobraziliense.com.br\/cbpoder\/wp-json\/wp\/v2\/posts\/18169","targetHints":{"allow":["GET"]}}],"collection":[{"href":"https:\/\/blogs2.correiobraziliense.com.br\/cbpoder\/wp-json\/wp\/v2\/posts"}],"about":[{"href":"https:\/\/blogs2.correiobraziliense.com.br\/cbpoder\/wp-json\/wp\/v2\/types\/post"}],"author":[{"embeddable":true,"href":"https:\/\/blogs2.correiobraziliense.com.br\/cbpoder\/wp-json\/wp\/v2\/users\/9"}],"replies":[{"embeddable":true,"href":"https:\/\/blogs2.correiobraziliense.com.br\/cbpoder\/wp-json\/wp\/v2\/comments?post=18169"}],"version-history":[{"count":3,"href":"https:\/\/blogs2.correiobraziliense.com.br\/cbpoder\/wp-json\/wp\/v2\/posts\/18169\/revisions"}],"predecessor-version":[{"id":18172,"href":"https:\/\/blogs2.correiobraziliense.com.br\/cbpoder\/wp-json\/wp\/v2\/posts\/18169\/revisions\/18172"}],"wp:featuredmedia":[{"embeddable":true,"href":"https:\/\/blogs2.correiobraziliense.com.br\/cbpoder\/wp-json\/wp\/v2\/media\/13567"}],"wp:attachment":[{"href":"https:\/\/blogs2.correiobraziliense.com.br\/cbpoder\/wp-json\/wp\/v2\/media?parent=18169"}],"wp:term":[{"taxonomy":"category","embeddable":true,"href":"https:\/\/blogs2.correiobraziliense.com.br\/cbpoder\/wp-json\/wp\/v2\/categories?post=18169"},{"taxonomy":"post_tag","embeddable":true,"href":"https:\/\/blogs2.correiobraziliense.com.br\/cbpoder\/wp-json\/wp\/v2\/tags?post=18169"}],"curies":[{"name":"wp","href":"https:\/\/api.w.org\/{rel}","templated":true}]}}