{"id":18227,"date":"2020-04-13T22:44:55","date_gmt":"2020-04-14T01:44:55","guid":{"rendered":"https:\/\/blogs2.correiobraziliense.com.br\/cbpoder\/?p=18227"},"modified":"2020-04-13T22:44:55","modified_gmt":"2020-04-14T01:44:55","slug":"secretaria-de-saude-inclui-a-cloroquina-no-protocolo-para-tratamento-de-casos-graves-de-covid-19-no-df","status":"publish","type":"post","link":"https:\/\/blogs2.correiobraziliense.com.br\/cbpoder\/secretaria-de-saude-inclui-a-cloroquina-no-protocolo-para-tratamento-de-casos-graves-de-covid-19-no-df\/","title":{"rendered":"Secretaria de Sa\u00fade do DF inclui a Cloroquina no protocolo para tratamento de casos graves de Covid-19"},"content":{"rendered":"<h4>ANA MARIA CAMPOS<\/h4>\n<p>A Secretaria de Sa\u00fade incluiu a cloroquina no protocolo de tratamento para pacientes com Covid-19, internados em hospitais do Distrito Federal.<\/p>\n<p>&nbsp;<\/p>\n<p>Em portaria publicada agora \u00e0 noite (13\/04), o secret\u00e1rio de Sa\u00fade, Francisco Ara\u00fajo Filho, informa que o governo passar\u00e1 a disponibilizar a Cloroquina 150 mg, fornecida pelo Minist\u00e9rio da Sa\u00fade, para os pacientes com forma grave ou caso cr\u00edtico.<\/p>\n<p>&nbsp;<\/p>\n<p>O secret\u00e1rio explica que o Minist\u00e9rio da Sa\u00fade define em nota informativa a Cloroquina como \u201cterapia adjuvante\u201d no tratamento de formas graves de Covid-19.<\/p>\n<p>&nbsp;<\/p>\n<p>O medicamento j\u00e1 era prescrito em alguns casos, a crit\u00e9rio dos m\u00e9dicos. Mas agora a Cloroquina passa a ser adotada como protocolo de atendimento de pessoas infectadas com o novo coronav\u00edrus.<\/p>\n<p>&nbsp;<\/p>\n<p>H\u00e1 uma grande controv\u00e9rsia sobre o uso dessa medica\u00e7\u00e3o, j\u00e1 adotada em pacientes com l\u00fapus e mal\u00e1ria. O problema s\u00e3o os poss\u00edveis efeitos colaterais. Em alguns doentes, a Cloroquina provoca arritmia card\u00edaca que pode levar \u00e0 morte.<\/p>\n<p>&nbsp;<\/p>\n<p>O presidente Jair Bolsonaro, no entanto, \u00e9 um defensor do uso da Cloroquina em casos de Covid-19.<\/p>\n<p>&nbsp;<\/p>\n<p>O rem\u00e9dio foi usado pelos m\u00e9dicos David Uip e Roberto Kalil Filho em benef\u00edcio pr\u00f3prio, uma vez que ambos foram contaminados pelo coronav\u00edrus e se recuperaram.<\/p>\n<p>&nbsp;<\/p>\n<p>Infectologista, Uip \u00e9 o coordenador da equipe de combate \u00e0 Covid-19 do governo de S\u00e3o Paulo.<\/p>\n<p>Veja a portaria:<\/p>\n<p>&nbsp;<\/p>\n<p>SECRETARIA DE ESTADO DE SA\u00daDE<br \/>\nPORTARIA N\u00ba 237, DE 13 DE ABRIL DE 2020<br \/>\nO SECRET\u00c1RIO DE ESTADO DE SA\u00daDE DO DISTRITO FEDERAL, no uso das<br \/>\nprerrogativas que lhe confere o Regimento Interno da Secretaria de Estado de Sa\u00fade,<br \/>\nDecreto N\u00ba 39.546\/2018, publicado no DODF n\u00ba 241, de 20\/12\/2018, e considerando que<br \/>\na Organiza\u00e7\u00e3o Mundial de Sa\u00fade (OMS) declarou em 11 de mar\u00e7o de 2020, que a<br \/>\ncontamina\u00e7\u00e3o com o Coronav\u00edrus, causador do COVID-19, restou caracterizada como<br \/>\numa pandemia; e,<br \/>\nConsiderando as recomenda\u00e7\u00f5es da Organiza\u00e7\u00e3o Mundial de Sa\u00fade (OMS) indicando<br \/>\naltera\u00e7\u00e3o no padr\u00e3o epidemiol\u00f3gico de ocorr\u00eancia da Doen\u00e7a Causada pelo Novo<br \/>\nCoronav\u00edrus (COVID-19) no SUS, com a introdu\u00e7\u00e3o do v\u00edrus no Brasil (S\u00e3o Paulo) e que<br \/>\nem 30 de janeiro de 2020 instituiu a situa\u00e7\u00e3o de Emerg\u00eancia em Sa\u00fade P\u00fablica de<br \/>\nImport\u00e2ncia Internacional (ESPIIN);<br \/>\nConsiderando o Plano de Conting\u00eancia do Distrito Federal &#8211; Coronav\u00edrus\/COVID-19<br \/>\nfrente a resposta a esse evento e tamb\u00e9m como estrat\u00e9gia de acompanhamento e suporte<br \/>\ndos casos suspeitos e confirmados.<br \/>\nConsiderando a publica\u00e7\u00e3o da NOTA INFORMATIVA N\u00ba 5\/2020-DAF\/SCTIE\/MS a<br \/>\nqual define o uso da Cloroquina como terapia adjuvante no tratamento de formas graves<br \/>\ndo COVID-19, resolve:<\/p>\n<p>Art. 1\u00ba A Secretaria de Estado de Sa\u00fade do Distrito Federal disponibilizar\u00e1 a Cloroquina<br \/>\n150 mg fornecida pelo Minist\u00e9rio da Sa\u00fade aos hospitais do Distrito Federal para os<br \/>\npacientes hospitalizados com forma grave e com caso cr\u00edtico de COVID-19, conforme<br \/>\nestabelecido pelo \u00f3rg\u00e3o.<\/p>\n<p>Art. 2\u00ba Fica definida a cautela m\u00ednima para estoque nos hospitais conforme o Anexo I.<\/p>\n<p>Art. 3\u00ba A reposi\u00e7\u00e3o da cautela ser\u00e1 realizada mediante o envio do Formul\u00e1rio para<br \/>\nSolicita\u00e7\u00e3o de Cloroquina \u00e0 SES-DF (Anexo II) assinado e carimbado pelo m\u00e9dico<br \/>\nassistente para o e-mail diasfses@gmail.com<\/p>\n<p>Art. 4\u00ba Ap\u00f3s a avalia\u00e7\u00e3o e autoriza\u00e7\u00e3o dos formul\u00e1rios enviados, o hospital dever\u00e1 retirar<br \/>\no medicamento no endere\u00e7o SIA trecho 4, lote 1840 a 1890, de segunda \u00e0 sexta nos<br \/>\nhor\u00e1rios das 8h \u00e0s 12h e das 14h \u00e0s 17h<\/p>\n<p>Art. 5\u00ba Os hospitais da SES-DF dever\u00e3o realizar a sa\u00edda individualizada por paciente, por<br \/>\nmeio do sistema Alphalinc.<\/p>\n<p>Par\u00e1grafo \u00fanico: a cautela e o fluxo poder\u00e3o ser revistos a qualquer tempo.<\/p>\n<p>Art. 6\u00ba Esta Portaria entra em vigor na data de sua publica\u00e7\u00e3o.<\/p>\n<p>FRANCISCO ARA\u00daJO FILHO<\/p>\n<p>&nbsp;<\/p>\n","protected":false},"excerpt":{"rendered":"<p>ANA MARIA CAMPOS A Secretaria de Sa\u00fade incluiu a cloroquina no protocolo de tratamento para pacientes com Covid-19, internados em hospitais do Distrito Federal. &nbsp; Em portaria publicada agora \u00e0 noite (13\/04), o secret\u00e1rio de Sa\u00fade, Francisco Ara\u00fajo Filho, informa que o governo passar\u00e1 a disponibilizar a Cloroquina 150 mg, fornecida pelo Minist\u00e9rio da Sa\u00fade, [&hellip;]<\/p>\n","protected":false},"author":9,"featured_media":17845,"comment_status":"open","ping_status":"closed","sticky":false,"template":"","format":"standard","meta":{"wpb_read_more":[],"footnotes":""},"categories":[234],"tags":[2276,2151,2285,2284],"class_list":["post-18227","post","type-post","status-publish","format-standard","has-post-thumbnail","hentry","category-cb-poder","tag-cloroquina","tag-covid-19","tag-portaria-da-secretaria-de-saude","tag-protocolo"],"_links":{"self":[{"href":"https:\/\/blogs2.correiobraziliense.com.br\/cbpoder\/wp-json\/wp\/v2\/posts\/18227","targetHints":{"allow":["GET"]}}],"collection":[{"href":"https:\/\/blogs2.correiobraziliense.com.br\/cbpoder\/wp-json\/wp\/v2\/posts"}],"about":[{"href":"https:\/\/blogs2.correiobraziliense.com.br\/cbpoder\/wp-json\/wp\/v2\/types\/post"}],"author":[{"embeddable":true,"href":"https:\/\/blogs2.correiobraziliense.com.br\/cbpoder\/wp-json\/wp\/v2\/users\/9"}],"replies":[{"embeddable":true,"href":"https:\/\/blogs2.correiobraziliense.com.br\/cbpoder\/wp-json\/wp\/v2\/comments?post=18227"}],"version-history":[{"count":1,"href":"https:\/\/blogs2.correiobraziliense.com.br\/cbpoder\/wp-json\/wp\/v2\/posts\/18227\/revisions"}],"predecessor-version":[{"id":18228,"href":"https:\/\/blogs2.correiobraziliense.com.br\/cbpoder\/wp-json\/wp\/v2\/posts\/18227\/revisions\/18228"}],"wp:featuredmedia":[{"embeddable":true,"href":"https:\/\/blogs2.correiobraziliense.com.br\/cbpoder\/wp-json\/wp\/v2\/media\/17845"}],"wp:attachment":[{"href":"https:\/\/blogs2.correiobraziliense.com.br\/cbpoder\/wp-json\/wp\/v2\/media?parent=18227"}],"wp:term":[{"taxonomy":"category","embeddable":true,"href":"https:\/\/blogs2.correiobraziliense.com.br\/cbpoder\/wp-json\/wp\/v2\/categories?post=18227"},{"taxonomy":"post_tag","embeddable":true,"href":"https:\/\/blogs2.correiobraziliense.com.br\/cbpoder\/wp-json\/wp\/v2\/tags?post=18227"}],"curies":[{"name":"wp","href":"https:\/\/api.w.org\/{rel}","templated":true}]}}