{"id":18237,"date":"2020-04-14T17:55:28","date_gmt":"2020-04-14T20:55:28","guid":{"rendered":"https:\/\/blogs2.correiobraziliense.com.br\/cbpoder\/?p=18237"},"modified":"2020-04-14T17:55:28","modified_gmt":"2020-04-14T20:55:28","slug":"distritais-flexibilizacao-mensalidades","status":"publish","type":"post","link":"https:\/\/blogs2.correiobraziliense.com.br\/cbpoder\/distritais-flexibilizacao-mensalidades\/","title":{"rendered":"Distritais aprovam projeto que flexibiliza pagamento de mensalidades"},"content":{"rendered":"<p><span style=\"font-weight: 400\">Deputados distritais aprovaram a flexibiliza\u00e7\u00e3o do pagamento de mensalidades das institui\u00e7\u00f5es de ensino da rede particular do Distrito Federal, nesta ter\u00e7a-feira (14\/4). O novo projeto, produzido depois de discuss\u00e3o com o setor, estabelece redu\u00e7\u00e3o de at\u00e9 50% no valor mensal. No entanto, os valores dever\u00e3o ser repostos posteriormente, em pagamentos parcelados e sem juros.\u00a0<\/span><\/p>\n<p><span style=\"font-weight: 400\">\u201cFicam as institui\u00e7\u00f5es de ensino fundamental, m\u00e9dio e superior da rede privada e cursos preparat\u00f3rios e de idiomas do Distrito Federal obrigados a conceder flexibiliza\u00e7\u00e3o de pagamentos das mensalidades de no m\u00ednimo 30% (trinta por cento) e de no m\u00e1ximo de 50% (cinquenta por cento), durante o per\u00edodo que durar o plano de conting\u00eancia do novo Coronav\u00edrus\u201d, estabelece o texto de autoria do deputado Daniel Donizet (PSDB) e do presidente da C\u00e2mara Legislativa, Rafael Prudente (MDB).<\/span><\/p>\n<p><span style=\"font-weight: 400\">O texto abre exce\u00e7\u00e3o para micro e pequenas empresas, sujeitas ao Simples Nacional, que poder\u00e3o discutir e debater livremente a flexibiliza\u00e7\u00e3o das mensalidades. Para ter validade, a medida precisa ser sancionada pelo governador Ibaneis Rocha (MDB).<\/span><\/p>\n<p><span style=\"font-weight: 400\">Segundo o projeto, a primeira parcela da flexibiliza\u00e7\u00e3o somente poder\u00e1 ser cobrada tr\u00eas meses ap\u00f3s o fim do plano de conting\u00eancia da Covid-19.<\/span><\/p>\n<p><span style=\"font-weight: 400\">\u201cAssim, a gente consegue desafogar o bolso dos alunos e n\u00e3o desfalca o bolso das escolas porque eles ter\u00e3o o direito de receber novamente se prestarem o servi\u00e7o\u201d, afirmou Prudente.\u00a0<\/span><\/p>\n<p><b>Pol\u00eamica<\/b><\/p>\n<p><span style=\"font-weight: 400\">O <a href=\"https:\/\/www.correiobraziliense.com.br\/app\/noticia\/cidades\/2020\/04\/01\/interna_cidadesdf,841809\/cldf-mensalidades-escolares-poderao-sofrer-reducao-de-30.shtml\">projeto inicial<\/a> previa que o desconto fosse de no m\u00ednimo 30% enquanto durasse a crise provocada pela doen\u00e7a e o consequente fechamento das escolas para as atividades letivas. Nesse caso, n\u00e3o estava prevista a devolu\u00e7\u00e3o dos valores. O texto chegou a receber aval dos parlamentares em primeiro turno.<\/span><\/p>\n<p><span style=\"font-weight: 400\">A ideia, no entanto, gerou resist\u00eancia de empres\u00e1rios e sindicatos do setor, que afirmaram que o desconto para todos causaria danos graves \u00e0 sa\u00fade dos col\u00e9gios e institui\u00e7\u00f5es afetadas. Por isso, os parlamentares decidiram adiar a avalia\u00e7\u00e3o da iniciativa e refazer o texto, com acordo com as associa\u00e7\u00f5es e entidades.<\/span><\/p>\n","protected":false},"excerpt":{"rendered":"<p>Deputados distritais aprovaram a flexibiliza\u00e7\u00e3o do pagamento de mensalidades das institui\u00e7\u00f5es de ensino da rede particular do Distrito Federal, nesta ter\u00e7a-feira (14\/4). O novo projeto, produzido depois de discuss\u00e3o com o setor, estabelece redu\u00e7\u00e3o de at\u00e9 50% no valor mensal. No entanto, os valores dever\u00e3o ser repostos posteriormente, em pagamentos parcelados e sem juros.\u00a0 \u201cFicam [&hellip;]<\/p>\n","protected":false},"author":75,"featured_media":4762,"comment_status":"open","ping_status":"closed","sticky":false,"template":"","format":"standard","meta":{"wpb_read_more":[],"footnotes":""},"categories":[6],"tags":[70,28,2274],"class_list":["post-18237","post","type-post","status-publish","format-standard","has-post-thumbnail","hentry","category-noticias","tag-camara-legislativa","tag-distritais","tag-mensalidades"],"_links":{"self":[{"href":"https:\/\/blogs2.correiobraziliense.com.br\/cbpoder\/wp-json\/wp\/v2\/posts\/18237","targetHints":{"allow":["GET"]}}],"collection":[{"href":"https:\/\/blogs2.correiobraziliense.com.br\/cbpoder\/wp-json\/wp\/v2\/posts"}],"about":[{"href":"https:\/\/blogs2.correiobraziliense.com.br\/cbpoder\/wp-json\/wp\/v2\/types\/post"}],"author":[{"embeddable":true,"href":"https:\/\/blogs2.correiobraziliense.com.br\/cbpoder\/wp-json\/wp\/v2\/users\/75"}],"replies":[{"embeddable":true,"href":"https:\/\/blogs2.correiobraziliense.com.br\/cbpoder\/wp-json\/wp\/v2\/comments?post=18237"}],"version-history":[{"count":2,"href":"https:\/\/blogs2.correiobraziliense.com.br\/cbpoder\/wp-json\/wp\/v2\/posts\/18237\/revisions"}],"predecessor-version":[{"id":18240,"href":"https:\/\/blogs2.correiobraziliense.com.br\/cbpoder\/wp-json\/wp\/v2\/posts\/18237\/revisions\/18240"}],"wp:featuredmedia":[{"embeddable":true,"href":"https:\/\/blogs2.correiobraziliense.com.br\/cbpoder\/wp-json\/wp\/v2\/media\/4762"}],"wp:attachment":[{"href":"https:\/\/blogs2.correiobraziliense.com.br\/cbpoder\/wp-json\/wp\/v2\/media?parent=18237"}],"wp:term":[{"taxonomy":"category","embeddable":true,"href":"https:\/\/blogs2.correiobraziliense.com.br\/cbpoder\/wp-json\/wp\/v2\/categories?post=18237"},{"taxonomy":"post_tag","embeddable":true,"href":"https:\/\/blogs2.correiobraziliense.com.br\/cbpoder\/wp-json\/wp\/v2\/tags?post=18237"}],"curies":[{"name":"wp","href":"https:\/\/api.w.org\/{rel}","templated":true}]}}