{"id":18416,"date":"2020-05-04T14:23:38","date_gmt":"2020-05-04T17:23:38","guid":{"rendered":"https:\/\/blogs2.correiobraziliense.com.br\/cbpoder\/?p=18416"},"modified":"2020-05-04T14:24:09","modified_gmt":"2020-05-04T17:24:09","slug":"policia-civil-do-df-vai-investigar-agressoes-a-jornalistas-em-manifestacao","status":"publish","type":"post","link":"https:\/\/blogs2.correiobraziliense.com.br\/cbpoder\/policia-civil-do-df-vai-investigar-agressoes-a-jornalistas-em-manifestacao\/","title":{"rendered":"Pol\u00edcia Civil do DF vai investigar agress\u00f5es a jornalistas em manifesta\u00e7\u00e3o"},"content":{"rendered":"<h4>ANA MARIA CAMPOS<\/h4>\n<p>A Pol\u00edcia Civil do DF vai investigar as agress\u00f5es contra jornalistas ocorridas neste domingo (03\/05) na Pra\u00e7a dos Tr\u00eas Poderes durante manifesta\u00e7\u00e3o contra o Supremo Tribunal Federal (STF), \u00a0o Congresso e tamb\u00e9m ao ex-ministro da Justi\u00e7a e Seguran\u00e7a P\u00fablica Sergio Moro.<\/p>\n<p>&nbsp;<\/p>\n<p>A 5\u00aa Delegacia de Pol\u00edcia (DP), que abrange a \u00e1rea central de Bras\u00edlia, vai apurar o caso. Uma ocorr\u00eancia foi registrada ontem \u00e0 noite tendo como v\u00edtima o fotojornalista do Estado de S. Paulo Dida Sampaio.<\/p>\n<p>O jornalista denunciou \u00e0 Pol\u00edcia Civil que fazia registros fotogr\u00e1ficos do presidente Jair Bolsonaro quando manifestantes come\u00e7aram a tampar a c\u00e2mera. Depois, Dida Sampaio foi empurrado para que sa\u00edsse de perto.<\/p>\n<p>&nbsp;<\/p>\n<p>Ele caiu e, ao tentar sair da confus\u00e3o,\u00a0come\u00e7ou a levar chutes e socos. Em seguida, foi hostilizado pelos manifestantes. O fot\u00f3grafo contou que fez fotos de tr\u00eas agressores, ainda n\u00e3o identificados.<\/p>\n<p>&nbsp;<\/p>\n<p>O diretor-geral da Pol\u00edcia Civil do DF, Robson C\u00e2ndido, confirmou que o caso ser\u00e1 apurado. \u201cCom a ocorr\u00eancia, com certeza vamos investigar\u201d, disse ao <strong>Correio<\/strong>.<\/p>\n","protected":false},"excerpt":{"rendered":"<p>ANA MARIA CAMPOS A Pol\u00edcia Civil do DF vai investigar as agress\u00f5es contra jornalistas ocorridas neste domingo (03\/05) na Pra\u00e7a dos Tr\u00eas Poderes durante manifesta\u00e7\u00e3o contra o Supremo Tribunal Federal (STF), \u00a0o Congresso e tamb\u00e9m ao ex-ministro da Justi\u00e7a e Seguran\u00e7a P\u00fablica Sergio Moro. &nbsp; A 5\u00aa Delegacia de Pol\u00edcia (DP), que abrange a \u00e1rea [&hellip;]<\/p>\n","protected":false},"author":9,"featured_media":18417,"comment_status":"open","ping_status":"closed","sticky":false,"template":"","format":"standard","meta":{"wpb_read_more":[],"footnotes":""},"categories":[234],"tags":[1275,2325],"class_list":["post-18416","post","type-post","status-publish","format-standard","has-post-thumbnail","hentry","category-cb-poder","tag-agressao","tag-jornalistas"],"_links":{"self":[{"href":"https:\/\/blogs2.correiobraziliense.com.br\/cbpoder\/wp-json\/wp\/v2\/posts\/18416","targetHints":{"allow":["GET"]}}],"collection":[{"href":"https:\/\/blogs2.correiobraziliense.com.br\/cbpoder\/wp-json\/wp\/v2\/posts"}],"about":[{"href":"https:\/\/blogs2.correiobraziliense.com.br\/cbpoder\/wp-json\/wp\/v2\/types\/post"}],"author":[{"embeddable":true,"href":"https:\/\/blogs2.correiobraziliense.com.br\/cbpoder\/wp-json\/wp\/v2\/users\/9"}],"replies":[{"embeddable":true,"href":"https:\/\/blogs2.correiobraziliense.com.br\/cbpoder\/wp-json\/wp\/v2\/comments?post=18416"}],"version-history":[{"count":1,"href":"https:\/\/blogs2.correiobraziliense.com.br\/cbpoder\/wp-json\/wp\/v2\/posts\/18416\/revisions"}],"predecessor-version":[{"id":18418,"href":"https:\/\/blogs2.correiobraziliense.com.br\/cbpoder\/wp-json\/wp\/v2\/posts\/18416\/revisions\/18418"}],"wp:featuredmedia":[{"embeddable":true,"href":"https:\/\/blogs2.correiobraziliense.com.br\/cbpoder\/wp-json\/wp\/v2\/media\/18417"}],"wp:attachment":[{"href":"https:\/\/blogs2.correiobraziliense.com.br\/cbpoder\/wp-json\/wp\/v2\/media?parent=18416"}],"wp:term":[{"taxonomy":"category","embeddable":true,"href":"https:\/\/blogs2.correiobraziliense.com.br\/cbpoder\/wp-json\/wp\/v2\/categories?post=18416"},{"taxonomy":"post_tag","embeddable":true,"href":"https:\/\/blogs2.correiobraziliense.com.br\/cbpoder\/wp-json\/wp\/v2\/tags?post=18416"}],"curies":[{"name":"wp","href":"https:\/\/api.w.org\/{rel}","templated":true}]}}