{"id":18521,"date":"2020-05-15T08:07:24","date_gmt":"2020-05-15T11:07:24","guid":{"rendered":"http:\/\/blogs.correiobraziliense.com.br\/cbpoder\/?p=18521"},"modified":"2020-05-15T08:07:24","modified_gmt":"2020-05-15T11:07:24","slug":"ibaneis-ameacou-impedir-pacientes-do-entorno-para-abrir-dialogo-com-governo-de-goias","status":"publish","type":"post","link":"https:\/\/blogs2.correiobraziliense.com.br\/cbpoder\/ibaneis-ameacou-impedir-pacientes-do-entorno-para-abrir-dialogo-com-governo-de-goias\/","title":{"rendered":"Ibaneis amea\u00e7ou impedir pacientes do Entorno para abrir di\u00e1logo com governo de Goi\u00e1s"},"content":{"rendered":"<h6><strong>Coluna Eixo Capital\/Por Ana Maria Campos<\/strong><\/h6>\n<p>O governador Ibaneis Rocha resolveu adotar medida radical caso n\u00e3o consiga apoio do governo de Goi\u00e1s para o atendimento da demanda crescente de pacientes com covid. Chegou a amea\u00e7ar impedir, por decreto, <a href=\"http:\/\/blogs.correiobraziliense.com.br\/cbpoder\/ibaneis-suspende-decisao-de-barrar-atendimento-de-pacientes-do-entorno\/\">a entrada de pacientes dos munic\u00edpios do Entorno contaminados pelo novo coronav\u00edrus nos hospitais do DF<\/a>.<\/p>\n<p>O gesto surtiu efeito desejado por Ibaneis: o di\u00e1logo foi aberto e t\u00e9cnicos das duas unidades da federa\u00e7\u00e3o come\u00e7aram a conversar. Em tempos de pandemia, o Sistema \u00danico de Sa\u00fade pode onerar estados que fizeram o dever de casa para atender os que n\u00e3o se organizaram para evitar o colapso.<\/p>\n<h2>\n<strong>Mensalidades de clubes podem ser reduzidas<\/strong><\/h2>\n<p>A C\u00e2mara Legislativa vai apreciar projeto que estabelece redu\u00e7\u00e3o das contribui\u00e7\u00f5es de s\u00f3cios e seus dependentes de clubes e associa\u00e7\u00f5es recreativas. A proposta, de autoria do deputado Rob\u00e9rio Negreiros (PSD), estabelece redu\u00e7\u00e3o de no m\u00ednimo 30% dessas taxas enquanto durarem as restri\u00e7\u00f5es impostas como controle de propaga\u00e7\u00e3o do novo coronav\u00edrus.<\/p>\n<h2><strong>Advocacia na era digital<\/strong><\/h2>\n<p>O escrit\u00f3rio de advocacia criminal Lopes &amp; Versiani, um dos mais requisitados de Bras\u00edlia, \u00e9 um dos que se adequou bem ao modelo digital que deve prevalecer agora e mesmo depois do fim da pandemia do novo coronav\u00edrus. Al\u00e9m de estarem entusiasmados com os julgamentos e audi\u00eancias por videoconfer\u00eancia, os advogados Cleber Lopes e Marcel Versiani vem adotando em suas peti\u00e7\u00f5es pitadas de legal design e v\u00eddeos explicativos em QR Code. \u201cA inova\u00e7\u00e3o teve grande receptividade por parte dos julgadores\u201d, afirmam os s\u00f3cios.<\/p>\n<h2>\n<strong>A\u00e7\u00e3o popular pede suspens\u00e3o do Enem<\/strong><\/h2>\n<p>Secret\u00e1rio-executivo e titular do Minist\u00e9rio da Justi\u00e7a no governo de Dilma Rousseff, Marivaldo Pereira protocolou a\u00e7\u00e3o popular na Justi\u00e7a com pedido de suspens\u00e3o do Enem, previsto para ocorrer neste ano online em decorr\u00eancia da pandemia do novo coronav\u00edrus. Candidato ao Senado pelo PSol em 2018, ele aponta na peti\u00e7\u00e3o que, segundo dados do TIC Educa\u00e7\u00e3o 2018 e do TIC domic\u00edlios 2018, colhidos pelo Centro Regional de Estudos para o Desenvolvimento da Sociedade da Informa\u00e7\u00e3o (Cetic), 30% da popula\u00e7\u00e3o n\u00e3o t\u00eam acesso \u00e0 internet.<\/p>\n<p>Al\u00e9m disso, 43% das escolas rurais sofrem com falta de infraestrutura e altos custos de conex\u00e3o. Cerca de um ter\u00e7o dos domic\u00edlios brasileiros n\u00e3o possuem nem computador nem internet, sendo que outros 28% contam apenas com acesso \u00e0 internet, sem computadores. \u201cImportante citar que a desigualdade de acesso tecnol\u00f3gico est\u00e1 intimamente relacionada com a desigualdade social. Mais de 90% das pessoas pertencentes \u00e0 classe A e B possuem acesso \u00e0 internet, mas o percentual cai para 40% nas classes D e E\u201d, ressaltou. Foi uma rea\u00e7\u00e3o \u00e0 declara\u00e7\u00e3o do ministro da Educa\u00e7\u00e3o, Abraham Weintraub, de que o Enem n\u00e3o \u00e9 \u201cinstrumento para resolver desigualdade social\u201d. A a\u00e7\u00e3o tramita na 20\u00aa Vara Federal C\u00edvel do DF. A AGU deu parecer contr\u00e1rio \u00e0 suspens\u00e3o por medida cautelar.<\/p>\n<h2><strong>A pergunta que n\u00e3o quer calar\u2026.<\/strong><\/h2>\n<p>Por que o presidente Jair Bolsonaro usou pseud\u00f4nimo nos exames para testar contamina\u00e7\u00e3o para o novo coronav\u00edrus.<\/p>\n<h2><strong>Aprovado!<\/strong><\/h2>\n<p>Repercutiu muito bem a ideia de realizar neste ano, por causa da pandemia, <a href=\"http:\/\/blogs.correiobraziliense.com.br\/cbpoder\/festival-de-cinema-de-brasilia-pode-ser-no-cine-drive-in\/\">o Festival de Bras\u00edlia do Cinema Brasileiro no Cine Drive-In<\/a>. O secret\u00e1rio de Cultura e Economia Criativa, Bartolomeu Rodrigues, o Bart\u00f4, recebeu v\u00e1rias manifesta\u00e7\u00f5es de aprova\u00e7\u00e3o da ideia, ainda em fase de discuss\u00e3o.<\/p>\n<h2><strong>Nova unidade em Ceil\u00e2ndia<\/strong><\/h2>\n<p>A Secretaria de Sa\u00fade vai contratar empresa para constru\u00e7\u00e3o de unidade de atendimento hospitalar em Ceil\u00e2ndia com capacidade para 60 leitos, sendo 20 de UTIs. Ser\u00e1 contrato emergencial com dispensa de licita\u00e7\u00e3o, baseada na necessidade para atendimento na pandemia.<\/p>\n<h2>\n<strong>Pintura antipicha\u00e7\u00e3o<\/strong><\/h2>\n<p>A pintura do Museu da Rep\u00fablica foi toda renovada. A ideia do governador Ibaneis Rocha \u00e9 recuperar o que precisa e revitalizar a cidade e n\u00e3o apenas come\u00e7ar obra nova. A tinta que est\u00e1 sendo usada \u00e9 antipicha\u00e7\u00e3o e lav\u00e1vel; a mesma que \u00e9 usada na reforma das tesourinhas.<\/p>\n<h2><em>S\u00f3 papos<\/em><\/h2>\n<blockquote><p>\u201cVamos ser fadados a viver um pa\u00eds de miser\u00e1veis. Como tem algum pa\u00eds da \u00c1frica subsaariana. N\u00f3s temos que ter coragem de enfrentar o v\u00edrus. Est\u00e1 morrendo gente, est\u00e1. Lamento, mas vai morrer muito, mais muito mais se a economia continuar sendo destro\u00e7ada por essas medidas\u201d<\/p><\/blockquote>\n<p style=\"text-align: right\"><strong>Presidente Jair Bolsonaro<\/strong><\/p>\n<blockquote><p>\u201cMais uma vez, o presidente Bolsonaro deixa de defender a sa\u00fade dos brasileiros para atacar quem est\u00e1 trabalhando para proteger vidas. Prefere com\u00edcios, andar de jet ski, treinar tiros e fazer churrasco. Enquanto milhares de brasileiros morrem por coronav\u00edrus\u201d.<\/p><\/blockquote>\n<p style=\"text-align: right\"><strong>Governador de S\u00e3o Paulo, Jo\u00e3o Doria (PSDB)<\/strong><\/p>\n","protected":false},"excerpt":{"rendered":"<p>Coluna Eixo Capital\/Por Ana Maria Campos O governador Ibaneis Rocha resolveu adotar medida radical caso n\u00e3o consiga apoio do governo de Goi\u00e1s para o atendimento da demanda crescente de pacientes com covid. Chegou a amea\u00e7ar impedir, por decreto, a entrada de pacientes dos munic\u00edpios do Entorno contaminados pelo novo coronav\u00edrus nos hospitais do DF. O [&hellip;]<\/p>\n","protected":false},"author":9,"featured_media":18455,"comment_status":"open","ping_status":"closed","sticky":false,"template":"","format":"standard","meta":{"wpb_read_more":[],"footnotes":""},"categories":[2089],"tags":[2085,2151,22,1597,966],"class_list":["post-18521","post","type-post","status-publish","format-standard","has-post-thumbnail","hentry","category-eixo-capital","tag-coronavirus","tag-covid-19","tag-entorno","tag-goias","tag-ibaneis"],"_links":{"self":[{"href":"https:\/\/blogs2.correiobraziliense.com.br\/cbpoder\/wp-json\/wp\/v2\/posts\/18521","targetHints":{"allow":["GET"]}}],"collection":[{"href":"https:\/\/blogs2.correiobraziliense.com.br\/cbpoder\/wp-json\/wp\/v2\/posts"}],"about":[{"href":"https:\/\/blogs2.correiobraziliense.com.br\/cbpoder\/wp-json\/wp\/v2\/types\/post"}],"author":[{"embeddable":true,"href":"https:\/\/blogs2.correiobraziliense.com.br\/cbpoder\/wp-json\/wp\/v2\/users\/9"}],"replies":[{"embeddable":true,"href":"https:\/\/blogs2.correiobraziliense.com.br\/cbpoder\/wp-json\/wp\/v2\/comments?post=18521"}],"version-history":[{"count":0,"href":"https:\/\/blogs2.correiobraziliense.com.br\/cbpoder\/wp-json\/wp\/v2\/posts\/18521\/revisions"}],"wp:featuredmedia":[{"embeddable":true,"href":"https:\/\/blogs2.correiobraziliense.com.br\/cbpoder\/wp-json\/wp\/v2\/media\/18455"}],"wp:attachment":[{"href":"https:\/\/blogs2.correiobraziliense.com.br\/cbpoder\/wp-json\/wp\/v2\/media?parent=18521"}],"wp:term":[{"taxonomy":"category","embeddable":true,"href":"https:\/\/blogs2.correiobraziliense.com.br\/cbpoder\/wp-json\/wp\/v2\/categories?post=18521"},{"taxonomy":"post_tag","embeddable":true,"href":"https:\/\/blogs2.correiobraziliense.com.br\/cbpoder\/wp-json\/wp\/v2\/tags?post=18521"}],"curies":[{"name":"wp","href":"https:\/\/api.w.org\/{rel}","templated":true}]}}