{"id":18568,"date":"2020-05-20T20:48:41","date_gmt":"2020-05-20T23:48:41","guid":{"rendered":"http:\/\/blogs.correiobraziliense.com.br\/cbpoder\/?p=18568"},"modified":"2020-05-20T20:48:41","modified_gmt":"2020-05-20T23:48:41","slug":"distritais-derrubam-veto-e-proibem-corte-de-luz-agua-na-pandemia","status":"publish","type":"post","link":"https:\/\/blogs2.correiobraziliense.com.br\/cbpoder\/distritais-derrubam-veto-e-proibem-corte-de-luz-agua-na-pandemia\/","title":{"rendered":"Distritais derrubam veto e pro\u00edbem corte de \u00e1gua e luz na pandemia"},"content":{"rendered":"<p>A C\u00e2mara Legislativa do Distrito Federal derrubou, nesta quarta-feira (20\/5), vetos do governador Ibaneis Rocha (MDB) a dez proposi\u00e7\u00f5es de parlamentares. Entre as iniciativas reavaliadas pelos distritais est\u00e1 um projeto de lei que pro\u00edbe o corte do fornecimento de servi\u00e7os p\u00fablicos de luz, \u00e1gua, telefone e esgoto prestados a consumidores da capital durante o estado de calamidade p\u00fablica por causa da pandemia do novo coronav\u00edrus. A proposta \u00e9 do petista Chico Vigilante.<\/p>\n<p>Projeto semelhante de autoria do deputado Cl\u00e1udio Abrantes (PDT) que pro\u00edbe o corte de luz em resid\u00eancias que contam com equipamentos de home care, fundamentais para a garantia da sa\u00fade de pacientes tratados em casa, tamb\u00e9m teve veto derrubado.<\/p>\n<p>A medida, por\u00e9m, n\u00e3o extingue os d\u00e9bitos. \u201cN\u00e3o se trata, de forma alguma, de um incentivo ao calote, mas sim da luta pela manuten\u00e7\u00e3o da vida\u201d, explicou o parlamentar.<\/p>\n<h4>Cr\u00e9ditos<\/h4>\n<p>Os distritais tamb\u00e9m derrubaram o veto a uma iniciativa do deputado distrital F\u00e1bio Felix (PSol) que autoriza a cria\u00e7\u00e3o de uma linha de cr\u00e9dito emergencial no BRB destinada \u00e0 manuten\u00e7\u00e3o da produ\u00e7\u00e3o e garantia de pagamento de sal\u00e1rios de micro e pequenas empresas.<\/p>\n<p>\u201cSegundo dados das entidades de classe, mais de duas mil micro e pequenas empresas j\u00e1 fecharam as portas no DF. Os balan\u00e7os do BRB demonstram lucro capaz de garantir apoio aos empreendedores sem comprometer a sa\u00fade financeira do banco\u201d, defendeu o deputado.<\/p>\n<p>As propostas agora devem ser promulgadas pela C\u00e2mara Legislativa. Nos vetos, o GDF argumentava que as iniciativas eram reservadas ao chefe do Poder Executivo.<\/p>\n","protected":false},"excerpt":{"rendered":"<p>A C\u00e2mara Legislativa do Distrito Federal derrubou, nesta quarta-feira (20\/5), vetos do governador Ibaneis Rocha (MDB) a dez proposi\u00e7\u00f5es de parlamentares. Entre as iniciativas reavaliadas pelos distritais est\u00e1 um projeto de lei que pro\u00edbe o corte do fornecimento de servi\u00e7os p\u00fablicos de luz, \u00e1gua, telefone e esgoto prestados a consumidores da capital durante o estado [&hellip;]<\/p>\n","protected":false},"author":75,"featured_media":13203,"comment_status":"open","ping_status":"closed","sticky":false,"template":"","format":"standard","meta":{"wpb_read_more":[],"footnotes":""},"categories":[6],"tags":[57,28,58,2297,2225],"class_list":["post-18568","post","type-post","status-publish","format-standard","has-post-thumbnail","hentry","category-noticias","tag-agua","tag-distritais","tag-luz","tag-pandemia","tag-telefone"],"_links":{"self":[{"href":"https:\/\/blogs2.correiobraziliense.com.br\/cbpoder\/wp-json\/wp\/v2\/posts\/18568","targetHints":{"allow":["GET"]}}],"collection":[{"href":"https:\/\/blogs2.correiobraziliense.com.br\/cbpoder\/wp-json\/wp\/v2\/posts"}],"about":[{"href":"https:\/\/blogs2.correiobraziliense.com.br\/cbpoder\/wp-json\/wp\/v2\/types\/post"}],"author":[{"embeddable":true,"href":"https:\/\/blogs2.correiobraziliense.com.br\/cbpoder\/wp-json\/wp\/v2\/users\/75"}],"replies":[{"embeddable":true,"href":"https:\/\/blogs2.correiobraziliense.com.br\/cbpoder\/wp-json\/wp\/v2\/comments?post=18568"}],"version-history":[{"count":0,"href":"https:\/\/blogs2.correiobraziliense.com.br\/cbpoder\/wp-json\/wp\/v2\/posts\/18568\/revisions"}],"wp:featuredmedia":[{"embeddable":true,"href":"https:\/\/blogs2.correiobraziliense.com.br\/cbpoder\/wp-json\/wp\/v2\/media\/13203"}],"wp:attachment":[{"href":"https:\/\/blogs2.correiobraziliense.com.br\/cbpoder\/wp-json\/wp\/v2\/media?parent=18568"}],"wp:term":[{"taxonomy":"category","embeddable":true,"href":"https:\/\/blogs2.correiobraziliense.com.br\/cbpoder\/wp-json\/wp\/v2\/categories?post=18568"},{"taxonomy":"post_tag","embeddable":true,"href":"https:\/\/blogs2.correiobraziliense.com.br\/cbpoder\/wp-json\/wp\/v2\/tags?post=18568"}],"curies":[{"name":"wp","href":"https:\/\/api.w.org\/{rel}","templated":true}]}}