{"id":18706,"date":"2020-06-01T17:49:30","date_gmt":"2020-06-01T20:49:30","guid":{"rendered":"http:\/\/blogs.correiobraziliense.com.br\/cbpoder\/?p=18706"},"modified":"2020-06-01T17:49:30","modified_gmt":"2020-06-01T20:49:30","slug":"stf-suspensao-da-cnh-por-excesso-acima-de-50-de-velocidade-e-constitucional","status":"publish","type":"post","link":"https:\/\/blogs2.correiobraziliense.com.br\/cbpoder\/stf-suspensao-da-cnh-por-excesso-acima-de-50-de-velocidade-e-constitucional\/","title":{"rendered":"STF: Suspens\u00e3o da CNH por excesso acima de 50% de velocidade \u00e9 constitucional"},"content":{"rendered":"<p>O Plen\u00e1rio do Supremo Tribunal Federal julgou constitucional, por maioria, trecho do C\u00f3digo de Tr\u00e2nsito Brasileiro (CTB) que determina a apreens\u00e3o da carteira de habilita\u00e7\u00e3o e a suspens\u00e3o do direito de dirigir de motoristas flagrados em velocidade superior a 50% da permitida na via.<\/p>\n<p>A decis\u00e3o foi tomada em avalia\u00e7\u00e3o de A\u00e7\u00e3o Direita de Inconstitucionalidade (ADI) ajuizada pelo Conselho Federal da Ordem dos Advogados do Brasil (OAB).<\/p>\n<p>O ministro Edson Fachin argumentou que as medidas previstas no CTB s\u00e3o provid\u00eancias para assegurar a efici\u00eancia da fiscaliza\u00e7\u00e3o em casos considerados de grav\u00edssimo risco para a seguran\u00e7a p\u00fablica.<\/p>\n<p>\u201cN\u00e3o se trata de aplica\u00e7\u00e3o sum\u00e1ria de penas administrativas, portanto. N\u00e3o verifico, assim, viola\u00e7\u00e3o dos princ\u00edpios do contradit\u00f3rio e da ampla defesa\u201d, justificou o ministro.<\/p>\n<p>O ministro Alexandre de Moraes tamb\u00e9m defendeu que, nessa hip\u00f3tese excepcional, a suspens\u00e3o possa ser efetivada e o contradit\u00f3rio adiado.<\/p>\n<p>\u201cDiante da gravidade da conduta, afigura-se razo\u00e1vel que a atua\u00e7\u00e3o preventiva\/cautelar do Estado n\u00e3o seja dependente da instaura\u00e7\u00e3o de um contradit\u00f3rio pr\u00e9vio, na medida em que, al\u00e9m do direito do infrator ao devido processo legal, tamb\u00e9m se coloca em jogo a vida e a sa\u00fade de toda a coletividade\u201d, defendeu.<\/p>\n<p>Por outro lado, o ministro Marco Aur\u00e9lio Mello relatou a proposta e argumentou que a medida era inconstitucional, mas foi voto vencido. Ele argumentou que a norma contraria o direito ao contradit\u00f3rio e \u00e0 ampla defesa no processo administrativo,<\/p>\n","protected":false},"excerpt":{"rendered":"<p>O Plen\u00e1rio do Supremo Tribunal Federal julgou constitucional, por maioria, trecho do C\u00f3digo de Tr\u00e2nsito Brasileiro (CTB) que determina a apreens\u00e3o da carteira de habilita\u00e7\u00e3o e a suspens\u00e3o do direito de dirigir de motoristas flagrados em velocidade superior a 50% da permitida na via. A decis\u00e3o foi tomada em avalia\u00e7\u00e3o de A\u00e7\u00e3o Direita de Inconstitucionalidade [&hellip;]<\/p>\n","protected":false},"author":75,"featured_media":12381,"comment_status":"open","ping_status":"closed","sticky":false,"template":"","format":"standard","meta":{"wpb_read_more":[],"footnotes":""},"categories":[6],"tags":[2371,149,2372],"class_list":["post-18706","post","type-post","status-publish","format-standard","has-post-thumbnail","hentry","category-noticias","tag-cnh","tag-stf","tag-velocidade"],"_links":{"self":[{"href":"https:\/\/blogs2.correiobraziliense.com.br\/cbpoder\/wp-json\/wp\/v2\/posts\/18706","targetHints":{"allow":["GET"]}}],"collection":[{"href":"https:\/\/blogs2.correiobraziliense.com.br\/cbpoder\/wp-json\/wp\/v2\/posts"}],"about":[{"href":"https:\/\/blogs2.correiobraziliense.com.br\/cbpoder\/wp-json\/wp\/v2\/types\/post"}],"author":[{"embeddable":true,"href":"https:\/\/blogs2.correiobraziliense.com.br\/cbpoder\/wp-json\/wp\/v2\/users\/75"}],"replies":[{"embeddable":true,"href":"https:\/\/blogs2.correiobraziliense.com.br\/cbpoder\/wp-json\/wp\/v2\/comments?post=18706"}],"version-history":[{"count":0,"href":"https:\/\/blogs2.correiobraziliense.com.br\/cbpoder\/wp-json\/wp\/v2\/posts\/18706\/revisions"}],"wp:featuredmedia":[{"embeddable":true,"href":"https:\/\/blogs2.correiobraziliense.com.br\/cbpoder\/wp-json\/wp\/v2\/media\/12381"}],"wp:attachment":[{"href":"https:\/\/blogs2.correiobraziliense.com.br\/cbpoder\/wp-json\/wp\/v2\/media?parent=18706"}],"wp:term":[{"taxonomy":"category","embeddable":true,"href":"https:\/\/blogs2.correiobraziliense.com.br\/cbpoder\/wp-json\/wp\/v2\/categories?post=18706"},{"taxonomy":"post_tag","embeddable":true,"href":"https:\/\/blogs2.correiobraziliense.com.br\/cbpoder\/wp-json\/wp\/v2\/tags?post=18706"}],"curies":[{"name":"wp","href":"https:\/\/api.w.org\/{rel}","templated":true}]}}