{"id":18819,"date":"2020-06-13T20:42:21","date_gmt":"2020-06-13T23:42:21","guid":{"rendered":"http:\/\/blogs.correiobraziliense.com.br\/cbpoder\/?p=18819"},"modified":"2020-06-13T20:42:21","modified_gmt":"2020-06-13T23:42:21","slug":"duardo-bolsonaro-presta-solidariedade-a-produtores-rurais-e-cobra-explicacoes-de-ibaneis-por-desmonte-de-acampamento-em-area-publica","status":"publish","type":"post","link":"https:\/\/blogs2.correiobraziliense.com.br\/cbpoder\/duardo-bolsonaro-presta-solidariedade-a-produtores-rurais-e-cobra-explicacoes-de-ibaneis-por-desmonte-de-acampamento-em-area-publica\/","title":{"rendered":"Eduardo Bolsonaro presta solidariedade a produtores rurais e cobra explica\u00e7\u00f5es de Ibaneis por desmonte de acampamento em \u00e1rea p\u00fablica"},"content":{"rendered":"<h4>ANA MARIA CAMPOS<\/h4>\n<p>O acampamento intitulado \u201cQG Rural\u201d, desmontado hoje (13\/06) pela Pol\u00edcia Militar do DF, \u00a0tem o apoio do deputado Eduardo Bolsonaro (PSL-SP), filho 03 do presidente Jair Bolsonaro. Pelo Twitter, ele reclamou da a\u00e7\u00e3o da PMDF e disse que vai cobrar uma explica\u00e7\u00e3o do governador Ibaneis Rocha (MDB).<\/p>\n<p>&nbsp;<\/p>\n<p>De manh\u00e3, ele esteve no local para prestar solidariedade aos ativistas.<\/p>\n<p>&nbsp;<\/p>\n<p>Pelo Twitter, Eduardo Bolsonaro afirma que nesta segunda-feira (15\/06) vai enviar of\u00edcio ao governo do DF, ao lado do deputado Daniel Silveira (PSL-RJ), com reclama\u00e7\u00e3o pelos fatos de hoje e um manifesto \u201cpor respeito \u00e0 liberdade de express\u00e3o\u201d. \u201cOutras medidas podem ser tomadas\u201d, acrescenta.<\/p>\n<p>&nbsp;<\/p>\n<p>Em postagem anterior, ele registrou: \u201cO que essas pessoas neste v\u00eddeo estavam fazendo de errado no QG Rural para que o governador Ibaneis determinasse sua remo\u00e7\u00e3o? Manifesta\u00e7\u00e3o seguindo protocolos de sa\u00fade n\u00e3o desrespeita sequer o decreto distrital\u201d.<\/p>\n<p>&nbsp;<\/p>\n<p>Bolsonaro poupou a PM que executou a desocupa\u00e7\u00e3o: \u201cSei que a PM cumpre ordens, mas surpreende negativamente essa a\u00e7\u00e3o\u201d.<\/p>\n<p>&nbsp;<\/p>\n<p>O acampamento tem o apoio do \u201cMovimento Avan\u00e7a Brasil\u201d, que se considera o maior movimento conservador do pa\u00eds.<\/p>\n<p>&nbsp;<\/p>\n<p>Em nota, o GDF esclareceu o seguinte:<\/p>\n<p>&nbsp;<\/p>\n<p><em>A Secretaria DF Legal informa que os manifestantes ocupavam \u00e1rea p\u00fablica, na Esplanada dos Minist\u00e9rios, o que n\u00e3o \u00e9 permitido. Ainda, o Decreto n\u00ba 40.509\/20, que trata de medidas de enfrentamento \u00e0 pandemia, pro\u00edbe aglomera\u00e7\u00f5es com mais de 100 pessoas em eventos que demandem a autoriza\u00e7\u00e3o pr\u00e9via do GDF.<\/em><\/p>\n<p>&nbsp;<\/p>\n<p><em>A Secretaria de Seguran\u00e7a P\u00fablica do DF (SSP\/DF) esclarece que as for\u00e7as de seguran\u00e7a atuaram em apoio ao DF legal para desmontar os acampamentos irregulares, de acordo com a legisla\u00e7\u00e3o local.<\/em><\/p>\n<p>&nbsp;<\/p>\n<p><em>Houve diversas tentativas de negocia\u00e7\u00e3o para a desocupa\u00e7\u00e3o da \u00e1rea, mas n\u00e3o houve acordo. Os acampamentos foram desmontados sem confronto.<\/em><\/p>\n<p>&nbsp;<\/p>\n","protected":false},"excerpt":{"rendered":"<p>ANA MARIA CAMPOS O acampamento intitulado \u201cQG Rural\u201d, desmontado hoje (13\/06) pela Pol\u00edcia Militar do DF, \u00a0tem o apoio do deputado Eduardo Bolsonaro (PSL-SP), filho 03 do presidente Jair Bolsonaro. Pelo Twitter, ele reclamou da a\u00e7\u00e3o da PMDF e disse que vai cobrar uma explica\u00e7\u00e3o do governador Ibaneis Rocha (MDB). &nbsp; De manh\u00e3, ele esteve [&hellip;]<\/p>\n","protected":false},"author":9,"featured_media":18821,"comment_status":"open","ping_status":"closed","sticky":false,"template":"","format":"standard","meta":{"wpb_read_more":[],"footnotes":""},"categories":[234],"tags":[],"class_list":["post-18819","post","type-post","status-publish","format-standard","has-post-thumbnail","hentry","category-cb-poder"],"_links":{"self":[{"href":"https:\/\/blogs2.correiobraziliense.com.br\/cbpoder\/wp-json\/wp\/v2\/posts\/18819","targetHints":{"allow":["GET"]}}],"collection":[{"href":"https:\/\/blogs2.correiobraziliense.com.br\/cbpoder\/wp-json\/wp\/v2\/posts"}],"about":[{"href":"https:\/\/blogs2.correiobraziliense.com.br\/cbpoder\/wp-json\/wp\/v2\/types\/post"}],"author":[{"embeddable":true,"href":"https:\/\/blogs2.correiobraziliense.com.br\/cbpoder\/wp-json\/wp\/v2\/users\/9"}],"replies":[{"embeddable":true,"href":"https:\/\/blogs2.correiobraziliense.com.br\/cbpoder\/wp-json\/wp\/v2\/comments?post=18819"}],"version-history":[{"count":0,"href":"https:\/\/blogs2.correiobraziliense.com.br\/cbpoder\/wp-json\/wp\/v2\/posts\/18819\/revisions"}],"wp:featuredmedia":[{"embeddable":true,"href":"https:\/\/blogs2.correiobraziliense.com.br\/cbpoder\/wp-json\/wp\/v2\/media\/18821"}],"wp:attachment":[{"href":"https:\/\/blogs2.correiobraziliense.com.br\/cbpoder\/wp-json\/wp\/v2\/media?parent=18819"}],"wp:term":[{"taxonomy":"category","embeddable":true,"href":"https:\/\/blogs2.correiobraziliense.com.br\/cbpoder\/wp-json\/wp\/v2\/categories?post=18819"},{"taxonomy":"post_tag","embeddable":true,"href":"https:\/\/blogs2.correiobraziliense.com.br\/cbpoder\/wp-json\/wp\/v2\/tags?post=18819"}],"curies":[{"name":"wp","href":"https:\/\/api.w.org\/{rel}","templated":true}]}}