{"id":18823,"date":"2020-06-14T01:10:43","date_gmt":"2020-06-14T04:10:43","guid":{"rendered":"http:\/\/blogs.correiobraziliense.com.br\/cbpoder\/?p=18823"},"modified":"2020-06-14T01:10:43","modified_gmt":"2020-06-14T04:10:43","slug":"bolsonaristas-soltam-fogos-em-direcao-ao-stf-e-ameacam-entenderam-o-recado","status":"publish","type":"post","link":"https:\/\/blogs2.correiobraziliense.com.br\/cbpoder\/bolsonaristas-soltam-fogos-em-direcao-ao-stf-e-ameacam-entenderam-o-recado\/","title":{"rendered":"Bolsonaristas soltam fogos em dire\u00e7\u00e3o ao STF e amea\u00e7am: \u201cEntenderam o recado?\u201d"},"content":{"rendered":"<h4>ANA MARIA CAMPOS<\/h4>\n<p>O clima esquentou na Pra\u00e7a dos Tr\u00eas Poderes na noite deste s\u00e1bado (13\/06). Por volta de 21h30, integrantes do movimento \u201c300 do Brasil\u201d apontaram fogos de artif\u00edcio para o Supremo Tribunal Federal (STF) e gravaram v\u00eddeos para distribuir nas redes sociais com ataques aos ministros e ao governador Ibaneis Rocha (MDB).<\/p>\n<p>&nbsp;<\/p>\n<p>Foi uma rea\u00e7\u00e3o \u00e0 a\u00e7\u00e3o da Pol\u00edcia Militar do DF, escalada pelo DF Legal, \u00f3rg\u00e3o do GDF encarregado de fazer valer a lei, que desmontou o acampamento dos 300 na Esplanada na tarde deste s\u00e1bado. Nos v\u00eddeos, um ativista diz: \u201c(Estamos) em frente aos bandidos do STF. Isso \u00e9 para mostrar para eles e para o bandido do GDF: n\u00e3o vamos arregar\u201d.<\/p>\n<p>Nos v\u00eddeos, o integrante do movimento pr\u00f3-Bolsonaro afirma, referindo-se aos fogos apontados para o STF: \u201c\u00c9 o povo, seus comunistas, seus bandidos&#8230; Est\u00e1 entendendo o recado?\u201d.<\/p>\n<p>&nbsp;<\/p>\n<p>Em outros v\u00eddeos que circulam nas redes, os manifestantes xingam os ministros Dias Toffoli, Carmen L\u00facia, Ricardo Lewandowski e Gilmar Mendes.<\/p>\n<p>A Secretaria de Seguran\u00e7a P\u00fablica do DF informou que a Pol\u00edcia Civil do DF vai instaurar um inqu\u00e9rito para apurar os respons\u00e1veis pelo ato antidemocr\u00e1tico.<\/p>\n<p>&nbsp;<\/p>\n<p>Por conta de amea\u00e7as, da agressividade dos manifestantes e de aglomera\u00e7\u00f5es que podem provocar dissemina\u00e7\u00e3o do novo coronav\u00edrus, o governador Ibaneis Rocha assinou decreto em que pro\u00edbe a circula\u00e7\u00e3o neste domingo (14\/06) na Esplanada dos Minist\u00e9rios.<\/p>\n<p>&nbsp;<\/p>\n<p>Sobre o epis\u00f3dio desta noite, a Pol\u00edcia Militar do DF divulgou a seguinte manifesta\u00e7\u00e3o: \u201cSegundo informa\u00e7\u00f5es cerca de 30 pessoas realizaram um culto na pra\u00e7a, por volta de 21h, e ap\u00f3s o t\u00e9rmino soltaram alguns foguetes. Logo ap\u00f3s, entraram em um \u00f4nibus e se retiraram do local.&#8221;<\/p>\n<p>Veja o v\u00eddeo:<\/p>\n<p>&nbsp;<\/p>\n<p>https:\/\/www.youtube.com\/watch?v=agxnsioD7ig&#038;feature=youtu.be<\/p>\n","protected":false},"excerpt":{"rendered":"<p>ANA MARIA CAMPOS O clima esquentou na Pra\u00e7a dos Tr\u00eas Poderes na noite deste s\u00e1bado (13\/06). Por volta de 21h30, integrantes do movimento \u201c300 do Brasil\u201d apontaram fogos de artif\u00edcio para o Supremo Tribunal Federal (STF) e gravaram v\u00eddeos para distribuir nas redes sociais com ataques aos ministros e ao governador Ibaneis Rocha (MDB). &nbsp; [&hellip;]<\/p>\n","protected":false},"author":9,"featured_media":18824,"comment_status":"open","ping_status":"closed","sticky":false,"template":"","format":"standard","meta":{"wpb_read_more":[],"footnotes":""},"categories":[234],"tags":[2402,2400,2403,966,149],"class_list":["post-18823","post","type-post","status-publish","format-standard","has-post-thumbnail","hentry","category-cb-poder","tag-2402","tag-esplanada","tag-fogos-de-artificio","tag-ibaneis","tag-stf"],"_links":{"self":[{"href":"https:\/\/blogs2.correiobraziliense.com.br\/cbpoder\/wp-json\/wp\/v2\/posts\/18823","targetHints":{"allow":["GET"]}}],"collection":[{"href":"https:\/\/blogs2.correiobraziliense.com.br\/cbpoder\/wp-json\/wp\/v2\/posts"}],"about":[{"href":"https:\/\/blogs2.correiobraziliense.com.br\/cbpoder\/wp-json\/wp\/v2\/types\/post"}],"author":[{"embeddable":true,"href":"https:\/\/blogs2.correiobraziliense.com.br\/cbpoder\/wp-json\/wp\/v2\/users\/9"}],"replies":[{"embeddable":true,"href":"https:\/\/blogs2.correiobraziliense.com.br\/cbpoder\/wp-json\/wp\/v2\/comments?post=18823"}],"version-history":[{"count":0,"href":"https:\/\/blogs2.correiobraziliense.com.br\/cbpoder\/wp-json\/wp\/v2\/posts\/18823\/revisions"}],"wp:featuredmedia":[{"embeddable":true,"href":"https:\/\/blogs2.correiobraziliense.com.br\/cbpoder\/wp-json\/wp\/v2\/media\/18824"}],"wp:attachment":[{"href":"https:\/\/blogs2.correiobraziliense.com.br\/cbpoder\/wp-json\/wp\/v2\/media?parent=18823"}],"wp:term":[{"taxonomy":"category","embeddable":true,"href":"https:\/\/blogs2.correiobraziliense.com.br\/cbpoder\/wp-json\/wp\/v2\/categories?post=18823"},{"taxonomy":"post_tag","embeddable":true,"href":"https:\/\/blogs2.correiobraziliense.com.br\/cbpoder\/wp-json\/wp\/v2\/tags?post=18823"}],"curies":[{"name":"wp","href":"https:\/\/api.w.org\/{rel}","templated":true}]}}