{"id":21845,"date":"2021-08-02T12:03:51","date_gmt":"2021-08-02T15:03:51","guid":{"rendered":"https:\/\/blogs2.correiobraziliense.com.br\/cbpoder\/?p=21845"},"modified":"2021-08-02T13:18:43","modified_gmt":"2021-08-02T16:18:43","slug":"apos-recesso-cldf-retorna-as-sessoes-nesta-terca-feira","status":"publish","type":"post","link":"https:\/\/blogs2.correiobraziliense.com.br\/cbpoder\/apos-recesso-cldf-retorna-as-sessoes-nesta-terca-feira\/","title":{"rendered":"Ap\u00f3s recesso, CLDF retorna \u00e0s sess\u00f5es nesta ter\u00e7a-feira"},"content":{"rendered":"<p>Ap\u00f3s o recesso parlamentar, a<a href=\"https:\/\/blogs2.correiobraziliense.com.br\/cbpoder\/tag\/cldf\/\"> C\u00e2mara Legislativa (CLDF)<\/a> voltar\u00e1 \u00e0s sess\u00f5es nesta ter\u00e7a-feira (3\/8). A Casa encerrou o <a href=\"https:\/\/www.correiobraziliense.com.br\/cidades-df\/2021\/02\/4904282-cldf-inicia-trabalhos-de-2021-com-foco-em-pautas-economicas.html\">semestre passado<\/a> em 29 de junho e retorna agora aos trabalhos no Plen\u00e1rio.<\/p>\n<p>Os projetos voltados para sa\u00fade, para a retomada da economia e para o urbanismo devem ser prioridade na CLDF. Entre os temas que devem ser tratados pelos distritais na volta \u00e0s discuss\u00f5es est\u00e1 o benef\u00edcio criado pelo GDF para ajudar fam\u00edlias carentes na compra de g\u00e1s. <a href=\"https:\/\/www.correiobraziliense.com.br\/cidades-df\/2021\/08\/4941089-ibaneis-vai-encaminhar-projeto-do-cartao-gas-a-camara-nesta-segunda--2.html\">O governador Ibaneis Rocha (MDB) afirmou que encaminhar\u00e1 a proposi\u00e7\u00e3o nesta segunda-feira (2\/8).<\/a><\/p>\n<p>De acordo com o emedebista, ser\u00e3o 70 mil fam\u00edlias atendidas.\u00a0&#8220;Cada fam\u00edlia ter\u00e1 direito a um botij\u00e3o de g\u00e1s a cada dois meses, enquanto a dificuldade persistir&#8221;, escreveu o governador, no Twitter.\u00a0&#8220;J\u00e1 temos a maior rede de prote\u00e7\u00e3o alimentar do Brasil, e n\u00e3o vamos nos descuidar para que todos os brasilienses em dificuldades recebam ajuda at\u00e9 a nossa vida voltar ao normal&#8221;, acrescentou.<\/p>\n<h3>Articula\u00e7\u00e3o<\/h3>\n<p>Na avalia\u00e7\u00e3o do governador Ibaneis Rocha, o projeto n\u00e3o ter\u00e1 dificuldades para ser aprovado na C\u00e2mara Legislativa. &#8220;Tenho certeza que teremos n\u00e3o apenas a compreens\u00e3o mas o apoio dos deputados distritais para aprovar essa medida o quanto antes&#8221;, disse.<\/p>\n<p>&#8220;A C\u00e2mara tem sido uma grande aliada do nosso governo e acredito que o presidente daquela Casa, Rafael Prudente, vai dar celeridade ao processo de aprova\u00e7\u00e3o.&#8221;<\/p>\n","protected":false},"excerpt":{"rendered":"<p>Ap\u00f3s o recesso parlamentar, a C\u00e2mara Legislativa (CLDF) voltar\u00e1 \u00e0s sess\u00f5es nesta ter\u00e7a-feira (3\/8). A Casa encerrou o semestre passado em 29 de junho e retorna agora aos trabalhos no Plen\u00e1rio. Os projetos voltados para sa\u00fade, para a retomada da economia e para o urbanismo devem ser prioridade na CLDF. Entre os temas que devem [&hellip;]<\/p>\n","protected":false},"author":75,"featured_media":21670,"comment_status":"open","ping_status":"closed","sticky":false,"template":"","format":"standard","meta":{"wpb_read_more":[],"footnotes":""},"categories":[6],"tags":[70,400,23],"class_list":["post-21845","post","type-post","status-publish","format-standard","has-post-thumbnail","hentry","category-noticias","tag-camara-legislativa","tag-cldf","tag-politica"],"_links":{"self":[{"href":"https:\/\/blogs2.correiobraziliense.com.br\/cbpoder\/wp-json\/wp\/v2\/posts\/21845","targetHints":{"allow":["GET"]}}],"collection":[{"href":"https:\/\/blogs2.correiobraziliense.com.br\/cbpoder\/wp-json\/wp\/v2\/posts"}],"about":[{"href":"https:\/\/blogs2.correiobraziliense.com.br\/cbpoder\/wp-json\/wp\/v2\/types\/post"}],"author":[{"embeddable":true,"href":"https:\/\/blogs2.correiobraziliense.com.br\/cbpoder\/wp-json\/wp\/v2\/users\/75"}],"replies":[{"embeddable":true,"href":"https:\/\/blogs2.correiobraziliense.com.br\/cbpoder\/wp-json\/wp\/v2\/comments?post=21845"}],"version-history":[{"count":1,"href":"https:\/\/blogs2.correiobraziliense.com.br\/cbpoder\/wp-json\/wp\/v2\/posts\/21845\/revisions"}],"predecessor-version":[{"id":21846,"href":"https:\/\/blogs2.correiobraziliense.com.br\/cbpoder\/wp-json\/wp\/v2\/posts\/21845\/revisions\/21846"}],"wp:featuredmedia":[{"embeddable":true,"href":"https:\/\/blogs2.correiobraziliense.com.br\/cbpoder\/wp-json\/wp\/v2\/media\/21670"}],"wp:attachment":[{"href":"https:\/\/blogs2.correiobraziliense.com.br\/cbpoder\/wp-json\/wp\/v2\/media?parent=21845"}],"wp:term":[{"taxonomy":"category","embeddable":true,"href":"https:\/\/blogs2.correiobraziliense.com.br\/cbpoder\/wp-json\/wp\/v2\/categories?post=21845"},{"taxonomy":"post_tag","embeddable":true,"href":"https:\/\/blogs2.correiobraziliense.com.br\/cbpoder\/wp-json\/wp\/v2\/tags?post=21845"}],"curies":[{"name":"wp","href":"https:\/\/api.w.org\/{rel}","templated":true}]}}