{"id":5759,"date":"2016-09-22T12:32:48","date_gmt":"2016-09-22T15:32:48","guid":{"rendered":"https:\/\/blogs2.correiobraziliense.com.br\/cbpoder\/?p=5759"},"modified":"2016-09-22T11:37:45","modified_gmt":"2016-09-22T14:37:45","slug":"camara-legislativa-vai-discutir-reajuste-salarial-de-32-categorias-de-servidores-publicos","status":"publish","type":"post","link":"https:\/\/blogs2.correiobraziliense.com.br\/cbpoder\/camara-legislativa-vai-discutir-reajuste-salarial-de-32-categorias-de-servidores-publicos\/","title":{"rendered":"C\u00e2mara Legislativa vai discutir reajuste salarial de 32 categorias de servidores p\u00fablicos"},"content":{"rendered":"<p>Come\u00e7a a press\u00e3o para uma solu\u00e7\u00e3o a um assunto que preocupa o governador Rodrigo Rollemberg (PSB). Em Comiss\u00e3o Geral, a C\u00e2mara Legislativa promove nesta quinta-feira (22)\u00a0uma discuss\u00e3o sobre a parcela pendente de reajuste de 32 categorias de servidores p\u00fablicos do DF. Ser\u00e1 no plen\u00e1rio, a partir de 15 horas. A iniciativa partiu do deputado Ricardo Vale (PT). A expectativa dos servidores \u00e9 de que o aumento, previsto para outubro do ano passado, seja pago a partir do pr\u00f3ximo m\u00eas.<\/p>\n","protected":false},"excerpt":{"rendered":"<p>Come\u00e7a a press\u00e3o para uma solu\u00e7\u00e3o a um assunto que preocupa o governador Rodrigo Rollemberg (PSB). Em Comiss\u00e3o Geral, a C\u00e2mara Legislativa promove nesta quinta-feira (22)\u00a0uma discuss\u00e3o sobre a parcela pendente de reajuste de 32 categorias de servidores p\u00fablicos do DF. Ser\u00e1 no plen\u00e1rio, a partir de 15 horas. A iniciativa partiu do deputado Ricardo [&hellip;]<\/p>\n","protected":false},"author":9,"featured_media":5760,"comment_status":"open","ping_status":"closed","sticky":false,"template":"","format":"standard","meta":{"wpb_read_more":[],"footnotes":""},"categories":[234],"tags":[17,16,178,288,49,271],"class_list":["post-5759","post","type-post","status-publish","format-standard","has-post-thumbnail","hentry","category-cb-poder","tag-buriti","tag-gdf","tag-protesto","tag-reajuste","tag-rollemberg","tag-servidores"],"_links":{"self":[{"href":"https:\/\/blogs2.correiobraziliense.com.br\/cbpoder\/wp-json\/wp\/v2\/posts\/5759","targetHints":{"allow":["GET"]}}],"collection":[{"href":"https:\/\/blogs2.correiobraziliense.com.br\/cbpoder\/wp-json\/wp\/v2\/posts"}],"about":[{"href":"https:\/\/blogs2.correiobraziliense.com.br\/cbpoder\/wp-json\/wp\/v2\/types\/post"}],"author":[{"embeddable":true,"href":"https:\/\/blogs2.correiobraziliense.com.br\/cbpoder\/wp-json\/wp\/v2\/users\/9"}],"replies":[{"embeddable":true,"href":"https:\/\/blogs2.correiobraziliense.com.br\/cbpoder\/wp-json\/wp\/v2\/comments?post=5759"}],"version-history":[{"count":1,"href":"https:\/\/blogs2.correiobraziliense.com.br\/cbpoder\/wp-json\/wp\/v2\/posts\/5759\/revisions"}],"predecessor-version":[{"id":5761,"href":"https:\/\/blogs2.correiobraziliense.com.br\/cbpoder\/wp-json\/wp\/v2\/posts\/5759\/revisions\/5761"}],"wp:featuredmedia":[{"embeddable":true,"href":"https:\/\/blogs2.correiobraziliense.com.br\/cbpoder\/wp-json\/wp\/v2\/media\/5760"}],"wp:attachment":[{"href":"https:\/\/blogs2.correiobraziliense.com.br\/cbpoder\/wp-json\/wp\/v2\/media?parent=5759"}],"wp:term":[{"taxonomy":"category","embeddable":true,"href":"https:\/\/blogs2.correiobraziliense.com.br\/cbpoder\/wp-json\/wp\/v2\/categories?post=5759"},{"taxonomy":"post_tag","embeddable":true,"href":"https:\/\/blogs2.correiobraziliense.com.br\/cbpoder\/wp-json\/wp\/v2\/tags?post=5759"}],"curies":[{"name":"wp","href":"https:\/\/api.w.org\/{rel}","templated":true}]}}