{"id":6293,"date":"2016-10-27T11:18:43","date_gmt":"2016-10-27T13:18:43","guid":{"rendered":"https:\/\/blogs2.correiobraziliense.com.br\/cbpoder\/?p=6293"},"modified":"2016-10-27T11:18:43","modified_gmt":"2016-10-27T13:18:43","slug":"tem-ladrao-no-anexo-do-buriti","status":"publish","type":"post","link":"https:\/\/blogs2.correiobraziliense.com.br\/cbpoder\/tem-ladrao-no-anexo-do-buriti\/","title":{"rendered":"Tem ladr\u00e3o no anexo do Buriti"},"content":{"rendered":"<p>A vistoria que acabou descobrindo uma sacola de dinheiro no 14\u00ba andar do anexo do Pal\u00e1cio do Buriti foi realizada, no \u00faltimo s\u00e1bado, depois de uma den\u00fancia da Secretaria de Mobilidade. O problema \u00e9 que come\u00e7aram a sumir brinquedos que estavam sendo arrecadados por servidores da pasta, para uma a\u00e7\u00e3o de caridade. Na busca, funcion\u00e1rios do pr\u00e9dio acabaram descobrindo as c\u00e9dulas danificadas e marcadas que podem ser fruto de roubos a caixas eletr\u00f4nicos, como a coluna revelou nesta semana.<\/p>\n","protected":false},"excerpt":{"rendered":"<p>A vistoria que acabou descobrindo uma sacola de dinheiro no 14\u00ba andar do anexo do Pal\u00e1cio do Buriti foi realizada, no \u00faltimo s\u00e1bado, depois de uma den\u00fancia da Secretaria de Mobilidade. O problema \u00e9 que come\u00e7aram a sumir brinquedos que estavam sendo arrecadados por servidores da pasta, para uma a\u00e7\u00e3o de caridade. Na busca, funcion\u00e1rios [&hellip;]<\/p>\n","protected":false},"author":9,"featured_media":6294,"comment_status":"open","ping_status":"closed","sticky":false,"template":"","format":"standard","meta":{"wpb_read_more":[],"footnotes":""},"categories":[234],"tags":[],"class_list":["post-6293","post","type-post","status-publish","format-standard","has-post-thumbnail","hentry","category-cb-poder"],"_links":{"self":[{"href":"https:\/\/blogs2.correiobraziliense.com.br\/cbpoder\/wp-json\/wp\/v2\/posts\/6293","targetHints":{"allow":["GET"]}}],"collection":[{"href":"https:\/\/blogs2.correiobraziliense.com.br\/cbpoder\/wp-json\/wp\/v2\/posts"}],"about":[{"href":"https:\/\/blogs2.correiobraziliense.com.br\/cbpoder\/wp-json\/wp\/v2\/types\/post"}],"author":[{"embeddable":true,"href":"https:\/\/blogs2.correiobraziliense.com.br\/cbpoder\/wp-json\/wp\/v2\/users\/9"}],"replies":[{"embeddable":true,"href":"https:\/\/blogs2.correiobraziliense.com.br\/cbpoder\/wp-json\/wp\/v2\/comments?post=6293"}],"version-history":[{"count":1,"href":"https:\/\/blogs2.correiobraziliense.com.br\/cbpoder\/wp-json\/wp\/v2\/posts\/6293\/revisions"}],"predecessor-version":[{"id":6295,"href":"https:\/\/blogs2.correiobraziliense.com.br\/cbpoder\/wp-json\/wp\/v2\/posts\/6293\/revisions\/6295"}],"wp:featuredmedia":[{"embeddable":true,"href":"https:\/\/blogs2.correiobraziliense.com.br\/cbpoder\/wp-json\/wp\/v2\/media\/6294"}],"wp:attachment":[{"href":"https:\/\/blogs2.correiobraziliense.com.br\/cbpoder\/wp-json\/wp\/v2\/media?parent=6293"}],"wp:term":[{"taxonomy":"category","embeddable":true,"href":"https:\/\/blogs2.correiobraziliense.com.br\/cbpoder\/wp-json\/wp\/v2\/categories?post=6293"},{"taxonomy":"post_tag","embeddable":true,"href":"https:\/\/blogs2.correiobraziliense.com.br\/cbpoder\/wp-json\/wp\/v2\/tags?post=6293"}],"curies":[{"name":"wp","href":"https:\/\/api.w.org\/{rel}","templated":true}]}}