{"id":6296,"date":"2016-10-27T11:41:26","date_gmt":"2016-10-27T13:41:26","guid":{"rendered":"https:\/\/blogs2.correiobraziliense.com.br\/cbpoder\/?p=6296"},"modified":"2016-10-27T20:10:53","modified_gmt":"2016-10-27T22:10:53","slug":"protesto-de-servidores-da-saude-mobiliza-camara-legislativa","status":"publish","type":"post","link":"https:\/\/blogs2.correiobraziliense.com.br\/cbpoder\/protesto-de-servidores-da-saude-mobiliza-camara-legislativa\/","title":{"rendered":"Protesto de servidores da sa\u00fade mobiliza a C\u00e2mara Legislativa"},"content":{"rendered":"<p><strong>Ana Viriato<\/strong><\/p>\n<p>T\u00e9cnicos e\u00a0auxiliares em enfermagem decidiram, na manh\u00e3 desta quinta-feira (27\/10), manter\u00a0a paralisa\u00e7\u00e3o vigente desde a \u00faltima segunda-feira. Os profissionais reivindicam melhorias nas condi\u00e7\u00f5es de trabalho, al\u00e9m da incorpora\u00e7\u00e3o \u00e0 folha de pagamento da Gratifica\u00e7\u00e3o de Atividade T\u00e9cnico-Administrativa (GATA) e da quita\u00e7\u00e3o da proporcionalidade e redu\u00e7\u00e3o de carga hor\u00e1ria. A pr\u00f3xima assembleia geral est\u00e1 marcada para 3 de novembro.<\/p>\n<p>&nbsp;<\/p>\n<p>O\u00a0Sindicato dos Auxiliares e T\u00e9cnicos em Enfermagem (Sindate)\u00a0anuncia que deve recorrer \u00e0 Justi\u00e7a contra o governo.\u00a0&#8220;A quita\u00e7\u00e3o das pend\u00eancias financeiras ser\u00e1 determinada pela Justi\u00e7a. Por\u00e9m, precisamos de condi\u00e7\u00f5es para exercer nosso trabalho. N\u00e3o h\u00e1 seringas, aventais, falta infraestrutura. A situa\u00e7\u00e3o est\u00e1 dif\u00edcil. Exigimos apenas os nossos direitos&#8221;, explicou o vice-presidente do Sindate, Jorge Viana.<\/p>\n","protected":false},"excerpt":{"rendered":"<p>Ana Viriato T\u00e9cnicos e\u00a0auxiliares em enfermagem decidiram, na manh\u00e3 desta quinta-feira (27\/10), manter\u00a0a paralisa\u00e7\u00e3o vigente desde a \u00faltima segunda-feira. Os profissionais reivindicam melhorias nas condi\u00e7\u00f5es de trabalho, al\u00e9m da incorpora\u00e7\u00e3o \u00e0 folha de pagamento da Gratifica\u00e7\u00e3o de Atividade T\u00e9cnico-Administrativa (GATA) e da quita\u00e7\u00e3o da proporcionalidade e redu\u00e7\u00e3o de carga hor\u00e1ria. A pr\u00f3xima assembleia geral est\u00e1 [&hellip;]<\/p>\n","protected":false},"author":9,"featured_media":6297,"comment_status":"open","ping_status":"open","sticky":false,"template":"","format":"standard","meta":{"wpb_read_more":[],"footnotes":""},"categories":[234],"tags":[],"class_list":["post-6296","post","type-post","status-publish","format-standard","has-post-thumbnail","hentry","category-cb-poder"],"_links":{"self":[{"href":"https:\/\/blogs2.correiobraziliense.com.br\/cbpoder\/wp-json\/wp\/v2\/posts\/6296","targetHints":{"allow":["GET"]}}],"collection":[{"href":"https:\/\/blogs2.correiobraziliense.com.br\/cbpoder\/wp-json\/wp\/v2\/posts"}],"about":[{"href":"https:\/\/blogs2.correiobraziliense.com.br\/cbpoder\/wp-json\/wp\/v2\/types\/post"}],"author":[{"embeddable":true,"href":"https:\/\/blogs2.correiobraziliense.com.br\/cbpoder\/wp-json\/wp\/v2\/users\/9"}],"replies":[{"embeddable":true,"href":"https:\/\/blogs2.correiobraziliense.com.br\/cbpoder\/wp-json\/wp\/v2\/comments?post=6296"}],"version-history":[{"count":3,"href":"https:\/\/blogs2.correiobraziliense.com.br\/cbpoder\/wp-json\/wp\/v2\/posts\/6296\/revisions"}],"predecessor-version":[{"id":6300,"href":"https:\/\/blogs2.correiobraziliense.com.br\/cbpoder\/wp-json\/wp\/v2\/posts\/6296\/revisions\/6300"}],"wp:featuredmedia":[{"embeddable":true,"href":"https:\/\/blogs2.correiobraziliense.com.br\/cbpoder\/wp-json\/wp\/v2\/media\/6297"}],"wp:attachment":[{"href":"https:\/\/blogs2.correiobraziliense.com.br\/cbpoder\/wp-json\/wp\/v2\/media?parent=6296"}],"wp:term":[{"taxonomy":"category","embeddable":true,"href":"https:\/\/blogs2.correiobraziliense.com.br\/cbpoder\/wp-json\/wp\/v2\/categories?post=6296"},{"taxonomy":"post_tag","embeddable":true,"href":"https:\/\/blogs2.correiobraziliense.com.br\/cbpoder\/wp-json\/wp\/v2\/tags?post=6296"}],"curies":[{"name":"wp","href":"https:\/\/api.w.org\/{rel}","templated":true}]}}