{"id":6319,"date":"2016-10-28T11:23:41","date_gmt":"2016-10-28T13:23:41","guid":{"rendered":"https:\/\/blogs2.correiobraziliense.com.br\/cbpoder\/?p=6319"},"modified":"2016-10-28T11:28:06","modified_gmt":"2016-10-28T13:28:06","slug":"corte-de-ponto-referendado-pelo-stf-e-boa-noticia-para-rollemberg","status":"publish","type":"post","link":"https:\/\/blogs2.correiobraziliense.com.br\/cbpoder\/corte-de-ponto-referendado-pelo-stf-e-boa-noticia-para-rollemberg\/","title":{"rendered":"Corte de ponto referendado pelo STF \u00e9 boa not\u00edcia para Rollemberg, em meio a embate com sindicatos"},"content":{"rendered":"<p>Em meio a uma crise com 32 categorias que tiveram o reajuste suspenso, o governador Rodrigo Rollemberg (PSB) conseguiu ontem o aval para cortar o ponto de servidores que aderirem a paralisa\u00e7\u00f5es. Por maioria, o Supremo Tribunal Federal (STF) considerou ontem constitucional o desconto dos sal\u00e1rios dos dias em que funcion\u00e1rios p\u00fablicos cruzarem os bra\u00e7os, em greve por reivindica\u00e7\u00f5es salarias. O placar foi apertado: 6 a 4. Mas a decis\u00e3o referenda a determina\u00e7\u00e3o que estava inclu\u00edda no decreto de Rollemberg, suspenso pela C\u00e2mara Legislativa. Quem n\u00e3o trabalhar n\u00e3o receber\u00e1 pelos dias parados.<\/p>\n","protected":false},"excerpt":{"rendered":"<p>Em meio a uma crise com 32 categorias que tiveram o reajuste suspenso, o governador Rodrigo Rollemberg (PSB) conseguiu ontem o aval para cortar o ponto de servidores que aderirem a paralisa\u00e7\u00f5es. Por maioria, o Supremo Tribunal Federal (STF) considerou ontem constitucional o desconto dos sal\u00e1rios dos dias em que funcion\u00e1rios p\u00fablicos cruzarem os bra\u00e7os, [&hellip;]<\/p>\n","protected":false},"author":9,"featured_media":6320,"comment_status":"open","ping_status":"closed","sticky":false,"template":"","format":"standard","meta":{"wpb_read_more":[],"footnotes":""},"categories":[234],"tags":[],"class_list":["post-6319","post","type-post","status-publish","format-standard","has-post-thumbnail","hentry","category-cb-poder"],"_links":{"self":[{"href":"https:\/\/blogs2.correiobraziliense.com.br\/cbpoder\/wp-json\/wp\/v2\/posts\/6319","targetHints":{"allow":["GET"]}}],"collection":[{"href":"https:\/\/blogs2.correiobraziliense.com.br\/cbpoder\/wp-json\/wp\/v2\/posts"}],"about":[{"href":"https:\/\/blogs2.correiobraziliense.com.br\/cbpoder\/wp-json\/wp\/v2\/types\/post"}],"author":[{"embeddable":true,"href":"https:\/\/blogs2.correiobraziliense.com.br\/cbpoder\/wp-json\/wp\/v2\/users\/9"}],"replies":[{"embeddable":true,"href":"https:\/\/blogs2.correiobraziliense.com.br\/cbpoder\/wp-json\/wp\/v2\/comments?post=6319"}],"version-history":[{"count":2,"href":"https:\/\/blogs2.correiobraziliense.com.br\/cbpoder\/wp-json\/wp\/v2\/posts\/6319\/revisions"}],"predecessor-version":[{"id":6322,"href":"https:\/\/blogs2.correiobraziliense.com.br\/cbpoder\/wp-json\/wp\/v2\/posts\/6319\/revisions\/6322"}],"wp:featuredmedia":[{"embeddable":true,"href":"https:\/\/blogs2.correiobraziliense.com.br\/cbpoder\/wp-json\/wp\/v2\/media\/6320"}],"wp:attachment":[{"href":"https:\/\/blogs2.correiobraziliense.com.br\/cbpoder\/wp-json\/wp\/v2\/media?parent=6319"}],"wp:term":[{"taxonomy":"category","embeddable":true,"href":"https:\/\/blogs2.correiobraziliense.com.br\/cbpoder\/wp-json\/wp\/v2\/categories?post=6319"},{"taxonomy":"post_tag","embeddable":true,"href":"https:\/\/blogs2.correiobraziliense.com.br\/cbpoder\/wp-json\/wp\/v2\/tags?post=6319"}],"curies":[{"name":"wp","href":"https:\/\/api.w.org\/{rel}","templated":true}]}}