{"id":6323,"date":"2016-10-28T11:33:01","date_gmt":"2016-10-28T13:33:01","guid":{"rendered":"https:\/\/blogs2.correiobraziliense.com.br\/cbpoder\/?p=6323"},"modified":"2016-10-28T11:33:01","modified_gmt":"2016-10-28T13:33:01","slug":"teremos-nome-na-disputa-um-cargo-majoritario-anuncia-alirio-neto-ao-assumir-o-ptb","status":"publish","type":"post","link":"https:\/\/blogs2.correiobraziliense.com.br\/cbpoder\/teremos-nome-na-disputa-um-cargo-majoritario-anuncia-alirio-neto-ao-assumir-o-ptb\/","title":{"rendered":"&#8220;Teremos nome na disputa a um cargo majorit\u00e1rio&#8221;, anuncia Al\u00edrio Neto, ao assumir o PTB"},"content":{"rendered":"<p><em><strong>\u00c0 Queima Roupa<\/strong><\/em><br \/>\n<em><strong>Al\u00edrio Neto, presidente do PTB-DF<\/strong><\/em><\/p>\n<p>&nbsp;<\/p>\n<p><strong>Qual \u00e9 o projeto pol\u00edtico discutido com Roberto Jefferson no convite para que voc\u00ea assumisse a Presid\u00eancia do PTB-DF?<\/strong><br \/>\nQueremos tornar o PTB competitivo, eleger pelo menos dois deputados distritais e aceitar na legenda quem teve entre dois mil e oito mil votos em outras elei\u00e7\u00f5es. Mas tamb\u00e9m teremos nome na disputa a um cargo majorit\u00e1rio, de vice, senador ou governador.<\/p>\n<p>&nbsp;<\/p>\n<p><strong>Essa meta inclui a deputada Liliane Roriz, que est\u00e1 filiada ao partido?<\/strong><br \/>\nSim. Liliane \u00e9 candidata a deputada federal para cima. A gente sabe que a fam\u00edlia Roriz tem um potencial de votos muito grande e isso precisa ser buscado.<\/p>\n<p>&nbsp;<\/p>\n<p><strong>O PTB tem nome para disputar o GDF?<\/strong><br \/>\nO convite \u00e9 para que coloc\u00e1ssemos essa possibilidade. Temos tempo de televis\u00e3o, 3 minutos e 20 segundos, e quadros.<\/p>\n<p>&nbsp;<\/p>\n<p><strong>A campanha come\u00e7ou mais cedo?<\/strong><br \/>\nAcredito que a insatisfa\u00e7\u00e3o geral com o atual governo faz surgirem nomes na disputa. Muita gente come\u00e7a a se posicionar. At\u00e9 os pr\u00f3prios aliados j\u00e1 come\u00e7am a se colocar.<\/p>\n<p>&nbsp;<\/p>\n<p><strong>Como quem?<\/strong><br \/>\nO vice-governador (Renato Santana) diz que seu partido (PSD) tem nome na disputa: Rog\u00e9rio Rosso.<\/p>\n<p>&nbsp;<\/p>\n<p><strong>Rosso foi convidado para o evento de sua posse como presidente do PTB-DF?<\/strong><br \/>\nFoi, sim. Mas n\u00e3o apareceu. Acredito que tem muita gente com vontade de vir para a oposi\u00e7\u00e3o, mas est\u00e1 se preservando, esperando o momento certo, at\u00e9 porque quem participou da chapa de Rollemberg tem obriga\u00e7\u00e3o de ajud\u00e1-lo a governar.<\/p>\n<p>&nbsp;<\/p>\n<p><strong>A sociedade demonstra que quer renova\u00e7\u00e3o e \u00e9tica na pol\u00edtica. Roberto Jefferson, que cumpriu pena no mensal\u00e3o, n\u00e3o est\u00e1 na contram\u00e3o dessa vontade?<\/strong><br \/>\nEle cumpriu pena, sim. Mas pagou um pre\u00e7o alto por ter iniciado, com suas den\u00fancias, um processo de renova\u00e7\u00e3o na pol\u00edtica. Acredito que todo esse movimento que chegou ao impeachment come\u00e7ou com as den\u00fancias do mensal\u00e3o. Roberto Jefferson teve coragem de colocar o dedo nessa ferida da corrup\u00e7\u00e3o.<\/p>\n","protected":false},"excerpt":{"rendered":"<p>\u00c0 Queima Roupa Al\u00edrio Neto, presidente do PTB-DF &nbsp; Qual \u00e9 o projeto pol\u00edtico discutido com Roberto Jefferson no convite para que voc\u00ea assumisse a Presid\u00eancia do PTB-DF? Queremos tornar o PTB competitivo, eleger pelo menos dois deputados distritais e aceitar na legenda quem teve entre dois mil e oito mil votos em outras elei\u00e7\u00f5es. [&hellip;]<\/p>\n","protected":false},"author":9,"featured_media":6324,"comment_status":"open","ping_status":"closed","sticky":false,"template":"","format":"standard","meta":{"wpb_read_more":[],"footnotes":""},"categories":[234],"tags":[],"class_list":["post-6323","post","type-post","status-publish","format-standard","has-post-thumbnail","hentry","category-cb-poder"],"_links":{"self":[{"href":"https:\/\/blogs2.correiobraziliense.com.br\/cbpoder\/wp-json\/wp\/v2\/posts\/6323","targetHints":{"allow":["GET"]}}],"collection":[{"href":"https:\/\/blogs2.correiobraziliense.com.br\/cbpoder\/wp-json\/wp\/v2\/posts"}],"about":[{"href":"https:\/\/blogs2.correiobraziliense.com.br\/cbpoder\/wp-json\/wp\/v2\/types\/post"}],"author":[{"embeddable":true,"href":"https:\/\/blogs2.correiobraziliense.com.br\/cbpoder\/wp-json\/wp\/v2\/users\/9"}],"replies":[{"embeddable":true,"href":"https:\/\/blogs2.correiobraziliense.com.br\/cbpoder\/wp-json\/wp\/v2\/comments?post=6323"}],"version-history":[{"count":1,"href":"https:\/\/blogs2.correiobraziliense.com.br\/cbpoder\/wp-json\/wp\/v2\/posts\/6323\/revisions"}],"predecessor-version":[{"id":6325,"href":"https:\/\/blogs2.correiobraziliense.com.br\/cbpoder\/wp-json\/wp\/v2\/posts\/6323\/revisions\/6325"}],"wp:featuredmedia":[{"embeddable":true,"href":"https:\/\/blogs2.correiobraziliense.com.br\/cbpoder\/wp-json\/wp\/v2\/media\/6324"}],"wp:attachment":[{"href":"https:\/\/blogs2.correiobraziliense.com.br\/cbpoder\/wp-json\/wp\/v2\/media?parent=6323"}],"wp:term":[{"taxonomy":"category","embeddable":true,"href":"https:\/\/blogs2.correiobraziliense.com.br\/cbpoder\/wp-json\/wp\/v2\/categories?post=6323"},{"taxonomy":"post_tag","embeddable":true,"href":"https:\/\/blogs2.correiobraziliense.com.br\/cbpoder\/wp-json\/wp\/v2\/tags?post=6323"}],"curies":[{"name":"wp","href":"https:\/\/api.w.org\/{rel}","templated":true}]}}