{"id":6824,"date":"2016-12-06T23:04:35","date_gmt":"2016-12-07T01:04:35","guid":{"rendered":"https:\/\/blogs2.correiobraziliense.com.br\/cbpoder\/?p=6824"},"modified":"2016-12-07T11:41:18","modified_gmt":"2016-12-07T13:41:18","slug":"rollemberg-rebate-criticas-de-reguffe","status":"publish","type":"post","link":"https:\/\/blogs2.correiobraziliense.com.br\/cbpoder\/rollemberg-rebate-criticas-de-reguffe\/","title":{"rendered":"Rollemberg: &#8220;Convido Reguffe a propor medidas com conex\u00e3o com a realidade das contas p\u00fablicas do DF&#8221;"},"content":{"rendered":"<p>O governador Rodrigo Rollemberg (PSB) divulgou nota para rebater as declara\u00e7\u00f5es do senador Jos\u00e9 Ant\u00f4nio Reguffe (Sem partido-DF) a respeito de sua gest\u00e3o.\u00a0Rollemberg afirma que Reguffe comete &#8220;uma s\u00e9rie de injusti\u00e7as&#8221; ao criticar a atual gest\u00e3o. Ele diz que, desde o in\u00edcio do governo, o convida para participar efetivamente da administra\u00e7\u00e3o, &#8220;mesmo que no campo das ideias e sugest\u00f5es&#8221;. Na nota, Rollemberg faz um desafio: &#8220;Gostaria de renovar esse convite para que tenha a coragem de propor algumas medidas com conex\u00e3o com a realidade das contas p\u00fablicas do Distrito Federal&#8221;.<\/p>\n<p>&nbsp;<\/p>\n<p>&nbsp;<\/p>\n<p>Ao participar hoje (06\/12) do programa CB.Poder, Reguffe disse que o governo de Rollember \u00e9 uma porcaria. Essa, seria, na avalia\u00e7\u00e3o do senador mais votado do DF, uma opini\u00e3o da sociedade. &#8220;Ele (Rollemberg) jogou o programa de governo na lata do lixo&#8221;, afirmou.\u00a0\u00a0Entre as cr\u00edticas, Reguffe aponta a rela\u00e7\u00e3o de Rollemberg com deputados distritais. &#8220;Rodrigo n\u00e3o entendeu por que foi eleito. Ele foi eleito para instituir uma nova forma de fazer pol\u00edtica, uma rela\u00e7\u00e3o diferente com o Poder Legislativo&#8221;.<\/p>\n<p>&nbsp;<\/p>\n<p>&nbsp;<\/p>\n<p>A seguir a nota de Rollemberg:<\/p>\n<p>O senador Reguffe comete uma s\u00e9rie de injusti\u00e7as ao criticar a atual gest\u00e3o do Governo de Bras\u00edlia que ele ajudou a eleger e se comprometeu a trabalhar para torn\u00e1-lo eficiente.<\/p>\n<p>Desde o in\u00edcio do governo, convido-o a ter uma participa\u00e7\u00e3o mais efetiva, mesmo no campo das ideias e sugest\u00f5es. Gostaria de renovar esse convite para que tenha a coragem de propor algumas medidas com conex\u00e3o com a realidade das contas p\u00fablicas do Distrito Federal.<\/p>\n<p>\u00c9 assim que deveria proceder como representante dos brasilienses no Senado Federal. Conto com iniciativas objetivas e concretas para contribuir para que o Distrito Federal supere essa dif\u00edcil quadra econ\u00f4mico-financeira que ele sabe que n\u00e3o \u00e9 responsabilidade deste governo.<\/p>\n<p>N\u00e3o gostaria de acreditar que, do ponto de vista pol\u00edtico e pessoal, Reguffe esteja se transformando em mais um parlamentar que s\u00f3 enxerga e vocifera cr\u00edticas e n\u00e3o reconhece o enorme esfor\u00e7o que o atual governo realiza para recuperar Bras\u00edlia.<\/p>\n<p>Sei que ele n\u00e3o vai se igualar \u00e0queles que s\u00e3o adeptos do &#8220;quanto pior melhor&#8221; e que durante anos comandaram essa cidade e a deixaram neste terr\u00edvel quadro econ\u00f4mico.<\/p>\n<p>Uma pena que n\u00e3o s\u00f3 o governo, mas a sociedade de Bras\u00edlia, n\u00e3o possam, nesse momento, contar com sua colabora\u00e7\u00e3o para tirar a cidade da crise econ\u00f4mica em que se encontra.<\/p>\n<p>&nbsp;<\/p>\n","protected":false},"excerpt":{"rendered":"<p>O governador Rodrigo Rollemberg (PSB) divulgou nota para rebater as declara\u00e7\u00f5es do senador Jos\u00e9 Ant\u00f4nio Reguffe (Sem partido-DF) a respeito de sua gest\u00e3o.\u00a0Rollemberg afirma que Reguffe comete &#8220;uma s\u00e9rie de injusti\u00e7as&#8221; ao criticar a atual gest\u00e3o. Ele diz que, desde o in\u00edcio do governo, o convida para participar efetivamente da administra\u00e7\u00e3o, &#8220;mesmo que no campo [&hellip;]<\/p>\n","protected":false},"author":9,"featured_media":6825,"comment_status":"open","ping_status":"closed","sticky":false,"template":"","format":"standard","meta":{"wpb_read_more":[],"footnotes":""},"categories":[234],"tags":[],"class_list":["post-6824","post","type-post","status-publish","format-standard","has-post-thumbnail","hentry","category-cb-poder"],"_links":{"self":[{"href":"https:\/\/blogs2.correiobraziliense.com.br\/cbpoder\/wp-json\/wp\/v2\/posts\/6824","targetHints":{"allow":["GET"]}}],"collection":[{"href":"https:\/\/blogs2.correiobraziliense.com.br\/cbpoder\/wp-json\/wp\/v2\/posts"}],"about":[{"href":"https:\/\/blogs2.correiobraziliense.com.br\/cbpoder\/wp-json\/wp\/v2\/types\/post"}],"author":[{"embeddable":true,"href":"https:\/\/blogs2.correiobraziliense.com.br\/cbpoder\/wp-json\/wp\/v2\/users\/9"}],"replies":[{"embeddable":true,"href":"https:\/\/blogs2.correiobraziliense.com.br\/cbpoder\/wp-json\/wp\/v2\/comments?post=6824"}],"version-history":[{"count":5,"href":"https:\/\/blogs2.correiobraziliense.com.br\/cbpoder\/wp-json\/wp\/v2\/posts\/6824\/revisions"}],"predecessor-version":[{"id":6840,"href":"https:\/\/blogs2.correiobraziliense.com.br\/cbpoder\/wp-json\/wp\/v2\/posts\/6824\/revisions\/6840"}],"wp:featuredmedia":[{"embeddable":true,"href":"https:\/\/blogs2.correiobraziliense.com.br\/cbpoder\/wp-json\/wp\/v2\/media\/6825"}],"wp:attachment":[{"href":"https:\/\/blogs2.correiobraziliense.com.br\/cbpoder\/wp-json\/wp\/v2\/media?parent=6824"}],"wp:term":[{"taxonomy":"category","embeddable":true,"href":"https:\/\/blogs2.correiobraziliense.com.br\/cbpoder\/wp-json\/wp\/v2\/categories?post=6824"},{"taxonomy":"post_tag","embeddable":true,"href":"https:\/\/blogs2.correiobraziliense.com.br\/cbpoder\/wp-json\/wp\/v2\/tags?post=6824"}],"curies":[{"name":"wp","href":"https:\/\/api.w.org\/{rel}","templated":true}]}}