{"id":6828,"date":"2016-12-06T23:51:09","date_gmt":"2016-12-07T01:51:09","guid":{"rendered":"https:\/\/blogs2.correiobraziliense.com.br\/cbpoder\/?p=6828"},"modified":"2016-12-06T23:51:09","modified_gmt":"2016-12-07T01:51:09","slug":"6828-2","status":"publish","type":"post","link":"https:\/\/blogs2.correiobraziliense.com.br\/cbpoder\/6828-2\/","title":{"rendered":"Com apoio de Filippelli, Joe e Wellington discutem alian\u00e7a pela Presid\u00eancia da C\u00e2mara Legislativa contra Rollemberg"},"content":{"rendered":"<p>Uma reuni\u00e3o de grupos pol\u00edticos aliados do governador Rodrigo Rollemberg e da oposi\u00e7\u00e3o pode construir um nome para a Presid\u00eancia da C\u00e2mara Legislativa.<\/p>\n<p>A ideia \u00e9 de uni\u00e3o para eleger Joe Valle (PDT) ou Wellington Luiz (PMDB) para o comando do Legislativo.<\/p>\n<p>O assunto foi discutido nesta noite (06\/12), no Cota Mil Iate Clube, com a presen\u00e7a do presidente regional do PMDB, Tadeu Filippelli, assessor especial do presidente Michel Temer. O presidente regional do PDT, Georges Michel, tamb\u00e9m participou da reuni\u00e3o. Ou seja, uma poss\u00edvel alian\u00e7a entre os dois distritais contar\u00e1 com o aval de seus respectivos partidos.<\/p>\n<p>A presidente afastada da C\u00e2mara Legislativa, Celina Le\u00e3o (PPS), \u00e9 uma das articuladoras da alian\u00e7a.<\/p>\n<p>A elei\u00e7\u00e3o de Joe ou de Wellington seria uma derrota para o governador Rodrigo Rollemberg (PSB), que ap\u00f3ia a candidatura de Agaciel Maia (PR).<\/p>\n<p>Pelos c\u00e1lculos do grupo que se forma, 14 dos 24 deputados devem se alinhar ao projeto.<\/p>\n<p>Da base de Rollemberg, quatro distritais estiveram nesta noite no Cota Mil: Reginaldo Veras (PDT), Cl\u00e1udio Abrantes (Rede), Professor Israel Batista (PV), al\u00e9m de Joe.<\/p>\n<p>Da bancada do PT, participou Ricardo Vale. Entre os integrantes do grupo de Celina, al\u00e9m da deputada, participaram Raimundo Ribeiro (PPS) e Cristiano Ara\u00fajo (PSD).<\/p>\n<p>O grupo deve marcar uma nova reuni\u00e3o at\u00e9 o fim de semana para discutir se o candidato ser\u00e1 Joe ou Wellington.<\/p>\n<p>A elei\u00e7\u00e3o da nova Mesa Diretora ocorrer\u00e1 em 15 de dezembro. O novo presidente vai comandar a C\u00e2mara nos pr\u00f3ximos dois anos.<\/p>\n","protected":false},"excerpt":{"rendered":"<p>Uma reuni\u00e3o de grupos pol\u00edticos aliados do governador Rodrigo Rollemberg e da oposi\u00e7\u00e3o pode construir um nome para a Presid\u00eancia da C\u00e2mara Legislativa. A ideia \u00e9 de uni\u00e3o para eleger Joe Valle (PDT) ou Wellington Luiz (PMDB) para o comando do Legislativo. O assunto foi discutido nesta noite (06\/12), no Cota Mil Iate Clube, com [&hellip;]<\/p>\n","protected":false},"author":9,"featured_media":6830,"comment_status":"open","ping_status":"closed","sticky":false,"template":"","format":"standard","meta":{"wpb_read_more":[],"footnotes":""},"categories":[234],"tags":[70,532,266,530,531,101],"class_list":["post-6828","post","type-post","status-publish","format-standard","has-post-thumbnail","hentry","category-cb-poder","tag-camara-legislativa","tag-georges-michel","tag-joe-valle","tag-presidencia-camara-legislativa","tag-tadeu-filippelli","tag-wellington-luiz"],"_links":{"self":[{"href":"https:\/\/blogs2.correiobraziliense.com.br\/cbpoder\/wp-json\/wp\/v2\/posts\/6828","targetHints":{"allow":["GET"]}}],"collection":[{"href":"https:\/\/blogs2.correiobraziliense.com.br\/cbpoder\/wp-json\/wp\/v2\/posts"}],"about":[{"href":"https:\/\/blogs2.correiobraziliense.com.br\/cbpoder\/wp-json\/wp\/v2\/types\/post"}],"author":[{"embeddable":true,"href":"https:\/\/blogs2.correiobraziliense.com.br\/cbpoder\/wp-json\/wp\/v2\/users\/9"}],"replies":[{"embeddable":true,"href":"https:\/\/blogs2.correiobraziliense.com.br\/cbpoder\/wp-json\/wp\/v2\/comments?post=6828"}],"version-history":[{"count":1,"href":"https:\/\/blogs2.correiobraziliense.com.br\/cbpoder\/wp-json\/wp\/v2\/posts\/6828\/revisions"}],"predecessor-version":[{"id":6831,"href":"https:\/\/blogs2.correiobraziliense.com.br\/cbpoder\/wp-json\/wp\/v2\/posts\/6828\/revisions\/6831"}],"wp:featuredmedia":[{"embeddable":true,"href":"https:\/\/blogs2.correiobraziliense.com.br\/cbpoder\/wp-json\/wp\/v2\/media\/6830"}],"wp:attachment":[{"href":"https:\/\/blogs2.correiobraziliense.com.br\/cbpoder\/wp-json\/wp\/v2\/media?parent=6828"}],"wp:term":[{"taxonomy":"category","embeddable":true,"href":"https:\/\/blogs2.correiobraziliense.com.br\/cbpoder\/wp-json\/wp\/v2\/categories?post=6828"},{"taxonomy":"post_tag","embeddable":true,"href":"https:\/\/blogs2.correiobraziliense.com.br\/cbpoder\/wp-json\/wp\/v2\/tags?post=6828"}],"curies":[{"name":"wp","href":"https:\/\/api.w.org\/{rel}","templated":true}]}}