{"id":6833,"date":"2016-12-07T11:23:43","date_gmt":"2016-12-07T13:23:43","guid":{"rendered":"https:\/\/blogs2.correiobraziliense.com.br\/cbpoder\/?p=6833"},"modified":"2016-12-07T11:23:43","modified_gmt":"2016-12-07T13:23:43","slug":"renato-rainha-nao-disputara-reeleicao","status":"publish","type":"post","link":"https:\/\/blogs2.correiobraziliense.com.br\/cbpoder\/renato-rainha-nao-disputara-reeleicao\/","title":{"rendered":"Renato Rainha n\u00e3o vai concorrer \u00e0 reelei\u00e7\u00e3o"},"content":{"rendered":"<div><\/div>\n<h2>Rainha \u00e9 cotado para a disputa\u00a0ao governo<\/h2>\n<h2><\/h2>\n<div>No pr\u00f3ximo dia 15 de dezembro, o Tribunal de Contas do DF eleger\u00e1 seu novo presidente para o bi\u00eanio 2017-2018. O mandato do conselheiro Renato Rainha termina no dia 31 de dezembro, mas ele n\u00e3o pretende disputar a reelei\u00e7\u00e3o, embora pudesse, segundo as regras da\u00a0Corte.<\/div>\n<div><\/div>\n<div><\/div>\n<div>\u201cVou voltar para o meu trabalho no plen\u00e1rio\u201d, justifica Rainha. Os conselheiros v\u00e3o se reunir tr\u00eas dias antes da vota\u00e7\u00e3o para tentar encontrar um nome de consenso, sem disputa. Nenhum candidato se apresentou oficialmente at\u00e9 agora. Caso decidisse concorrer \u00e0 recondu\u00e7\u00e3o, Renato Rainha poderia ficar na Presid\u00eancia do Tribunal de Contas do DF at\u00e9 31 de dezembro de 2018.<\/div>\n","protected":false},"excerpt":{"rendered":"<p>Rainha \u00e9 cotado para a disputa\u00a0ao governo No pr\u00f3ximo dia 15 de dezembro, o Tribunal de Contas do DF eleger\u00e1 seu novo presidente para o bi\u00eanio 2017-2018. O mandato do conselheiro Renato Rainha termina no dia 31 de dezembro, mas ele n\u00e3o pretende disputar a reelei\u00e7\u00e3o, embora pudesse, segundo as regras da\u00a0Corte. \u201cVou voltar para [&hellip;]<\/p>\n","protected":false},"author":9,"featured_media":6834,"comment_status":"open","ping_status":"closed","sticky":false,"template":"","format":"standard","meta":{"wpb_read_more":[],"footnotes":""},"categories":[234],"tags":[],"class_list":["post-6833","post","type-post","status-publish","format-standard","has-post-thumbnail","hentry","category-cb-poder"],"_links":{"self":[{"href":"https:\/\/blogs2.correiobraziliense.com.br\/cbpoder\/wp-json\/wp\/v2\/posts\/6833","targetHints":{"allow":["GET"]}}],"collection":[{"href":"https:\/\/blogs2.correiobraziliense.com.br\/cbpoder\/wp-json\/wp\/v2\/posts"}],"about":[{"href":"https:\/\/blogs2.correiobraziliense.com.br\/cbpoder\/wp-json\/wp\/v2\/types\/post"}],"author":[{"embeddable":true,"href":"https:\/\/blogs2.correiobraziliense.com.br\/cbpoder\/wp-json\/wp\/v2\/users\/9"}],"replies":[{"embeddable":true,"href":"https:\/\/blogs2.correiobraziliense.com.br\/cbpoder\/wp-json\/wp\/v2\/comments?post=6833"}],"version-history":[{"count":1,"href":"https:\/\/blogs2.correiobraziliense.com.br\/cbpoder\/wp-json\/wp\/v2\/posts\/6833\/revisions"}],"predecessor-version":[{"id":6835,"href":"https:\/\/blogs2.correiobraziliense.com.br\/cbpoder\/wp-json\/wp\/v2\/posts\/6833\/revisions\/6835"}],"wp:featuredmedia":[{"embeddable":true,"href":"https:\/\/blogs2.correiobraziliense.com.br\/cbpoder\/wp-json\/wp\/v2\/media\/6834"}],"wp:attachment":[{"href":"https:\/\/blogs2.correiobraziliense.com.br\/cbpoder\/wp-json\/wp\/v2\/media?parent=6833"}],"wp:term":[{"taxonomy":"category","embeddable":true,"href":"https:\/\/blogs2.correiobraziliense.com.br\/cbpoder\/wp-json\/wp\/v2\/categories?post=6833"},{"taxonomy":"post_tag","embeddable":true,"href":"https:\/\/blogs2.correiobraziliense.com.br\/cbpoder\/wp-json\/wp\/v2\/tags?post=6833"}],"curies":[{"name":"wp","href":"https:\/\/api.w.org\/{rel}","templated":true}]}}