{"id":6836,"date":"2016-12-07T11:27:04","date_gmt":"2016-12-07T13:27:04","guid":{"rendered":"https:\/\/blogs2.correiobraziliense.com.br\/cbpoder\/?p=6836"},"modified":"2016-12-07T11:38:19","modified_gmt":"2016-12-07T13:38:19","slug":"policias-repudiam-reforma-da-previdencia","status":"publish","type":"post","link":"https:\/\/blogs2.correiobraziliense.com.br\/cbpoder\/policias-repudiam-reforma-da-previdencia\/","title":{"rendered":"Pol\u00edcias repudiam Reforma da Previd\u00eancia"},"content":{"rendered":"<div>A Reforma da Previd\u00eancia enviada ao Congresso tem um impacto e tanto na vida de policiais civis e federais, rodovi\u00e1rios federais e legislativos. A atividade, hoje tratada como de risco na Constitui\u00e7\u00e3o, passa a ser considerada da mesma forma que as demais, com idade m\u00ednima de 65 anos para a aposentadoria.<\/div>\n<div><\/div>\n<div><\/div>\n<div><\/div>\n<div>Segundo entidades que representam essas categorias, o governo Temer ignora que a expectativa de vida de policiais \u00e9 de 66 anos, mais baixa do que a m\u00e9dia nacional, de 75 anos, em decorr\u00eancia do estresse di\u00e1rio. Em nota, 14 associa\u00e7\u00f5es e sindicatos repudiam o texto: \u201cA reforma da Previd\u00eancia \u00e9 desej\u00e1vel e necess\u00e1ria, mas desconsiderar as peculiaridades da atividade policial \u00e9 um desrespeito e traz inquieta\u00e7\u00e3o aos homens e mulheres respons\u00e1veis pela seguran\u00e7a p\u00fablica no pa\u00eds\u201d. A mobiliza\u00e7\u00e3o das categorias j\u00e1 come\u00e7ou.<\/div>\n","protected":false},"excerpt":{"rendered":"<p>A Reforma da Previd\u00eancia enviada ao Congresso tem um impacto e tanto na vida de policiais civis e federais, rodovi\u00e1rios federais e legislativos. A atividade, hoje tratada como de risco na Constitui\u00e7\u00e3o, passa a ser considerada da mesma forma que as demais, com idade m\u00ednima de 65 anos para a aposentadoria. Segundo entidades que representam [&hellip;]<\/p>\n","protected":false},"author":9,"featured_media":0,"comment_status":"open","ping_status":"closed","sticky":false,"template":"","format":"standard","meta":{"wpb_read_more":[],"footnotes":""},"categories":[234],"tags":[],"class_list":["post-6836","post","type-post","status-publish","format-standard","hentry","category-cb-poder"],"_links":{"self":[{"href":"https:\/\/blogs2.correiobraziliense.com.br\/cbpoder\/wp-json\/wp\/v2\/posts\/6836","targetHints":{"allow":["GET"]}}],"collection":[{"href":"https:\/\/blogs2.correiobraziliense.com.br\/cbpoder\/wp-json\/wp\/v2\/posts"}],"about":[{"href":"https:\/\/blogs2.correiobraziliense.com.br\/cbpoder\/wp-json\/wp\/v2\/types\/post"}],"author":[{"embeddable":true,"href":"https:\/\/blogs2.correiobraziliense.com.br\/cbpoder\/wp-json\/wp\/v2\/users\/9"}],"replies":[{"embeddable":true,"href":"https:\/\/blogs2.correiobraziliense.com.br\/cbpoder\/wp-json\/wp\/v2\/comments?post=6836"}],"version-history":[{"count":2,"href":"https:\/\/blogs2.correiobraziliense.com.br\/cbpoder\/wp-json\/wp\/v2\/posts\/6836\/revisions"}],"predecessor-version":[{"id":6838,"href":"https:\/\/blogs2.correiobraziliense.com.br\/cbpoder\/wp-json\/wp\/v2\/posts\/6836\/revisions\/6838"}],"wp:attachment":[{"href":"https:\/\/blogs2.correiobraziliense.com.br\/cbpoder\/wp-json\/wp\/v2\/media?parent=6836"}],"wp:term":[{"taxonomy":"category","embeddable":true,"href":"https:\/\/blogs2.correiobraziliense.com.br\/cbpoder\/wp-json\/wp\/v2\/categories?post=6836"},{"taxonomy":"post_tag","embeddable":true,"href":"https:\/\/blogs2.correiobraziliense.com.br\/cbpoder\/wp-json\/wp\/v2\/tags?post=6836"}],"curies":[{"name":"wp","href":"https:\/\/api.w.org\/{rel}","templated":true}]}}