{"id":7585,"date":"2017-02-08T11:39:27","date_gmt":"2017-02-08T13:39:27","guid":{"rendered":"https:\/\/blogs2.correiobraziliense.com.br\/cbpoder\/?p=7585"},"modified":"2017-02-08T11:39:27","modified_gmt":"2017-02-08T13:39:27","slug":"gdf-vai-negociar-carteira-de-dividas-para-fazer-caixa","status":"publish","type":"post","link":"https:\/\/blogs2.correiobraziliense.com.br\/cbpoder\/gdf-vai-negociar-carteira-de-dividas-para-fazer-caixa\/","title":{"rendered":"GDF vai negociar carteira de d\u00edvidas para fazer caixa"},"content":{"rendered":"<p>O secret\u00e1rio de Fazenda, Jo\u00e3o Fleury, vai ao mercado na pr\u00f3xima semana tentar negociar a carteira de receb\u00edveis do GDF que hoje atinge a cifra de R$ 1,7 bilh\u00e3o. \u00c9 a securitiza\u00e7\u00e3o da d\u00edvida, mas agora com mais lastro. A negocia\u00e7\u00e3o abrange as parcelas do Refis, o cr\u00e9dito com o parcelamento dos impostos atrasados, promovido em 2016. Especialista nesse tipo de transa\u00e7\u00e3o, Fleury vai se encontrar com representantes de cinco bancos que podem ter interesse em intermediar a negocia\u00e7\u00e3o com investidores. A opera\u00e7\u00e3o consiste em usar essa carteira como garantia para uma esp\u00e9cie de empr\u00e9stimo. As parcelas do Refis t\u00eam fluxo de entrada nos cofres p\u00fablicos at\u00e9 2032, uma vez que algumas inadimpl\u00eancias foram negociadas a longo prazo. Com a securitiza\u00e7\u00e3o, as parcelas podem ser antecipadas. O dinheiro entra nos cofres p\u00fablicos para pagar credores e outros compromissos do governo Rollemberg.<\/p>\n<p>&nbsp;<\/p>\n<h2>Carteira do DF, um bom produto?<\/h2>\n<p>O governo Rollemberg tentou realizar esse tipo de opera\u00e7\u00e3o duas vezes, sem sucesso. Mas o secret\u00e1rio de Fazenda, Jo\u00e3o Fleury, acredita que o momento agora \u00e9 outro. Al\u00e9m da carteira abranger d\u00edvidas j\u00e1 negociadas e parceladas, ele aposta numa mudan\u00e7a no cen\u00e1rio econ\u00f4mico nacional, com a queda da infla\u00e7\u00e3o. Fleury vai a S\u00e3o Paulo para um road show, uma apresenta\u00e7\u00e3o do produto \u201cDistrito Federal\u201d. \u201cQueremos mostrar que o DF pode ser um bom neg\u00f3cio\u201d.<\/p>\n<p>&nbsp;<\/p>\n<h2>Arrecada\u00e7\u00e3o do GDF cresce 19%<\/h2>\n<p>A arrecada\u00e7\u00e3o do Distrito Federal cresceu 19,1% em janeiro deste ano em rela\u00e7\u00e3o ao mesmo per\u00edodo do ano passado. Subiu de R$ 1.026.616 para R$ 1.216.480. Mas n\u00e3o significa que o mercado do DF est\u00e1 aquecido. Foi uma movimenta\u00e7\u00e3o at\u00edpica. Parte do crescimento se deve a uma opera\u00e7\u00e3o cont\u00e1bil, relacionada ao lan\u00e7amento do Imposto de Renda, com o fim das pedaladas fiscais. Outra novidade \u00e9 a antecipa\u00e7\u00e3o da cobran\u00e7a do IPVA. Muitos contribuintes aproveitaram o cr\u00e9dito do Nota Legal e pagaram cota \u00fanica antecipada, com desconto de 5%. Nos anos anteriores, o imposto come\u00e7ava a ser recolhido apenas a partir de mar\u00e7o. A varia\u00e7\u00e3o positiva foi a do ITBI (Imposto sobre Transmiss\u00e3o de Bens Im\u00f3veis). O aumento foi de 58,2%, sinal de melhora no mercado imobili\u00e1rio.<\/p>\n","protected":false},"excerpt":{"rendered":"<p>O secret\u00e1rio de Fazenda, Jo\u00e3o Fleury, vai ao mercado na pr\u00f3xima semana tentar negociar a carteira de receb\u00edveis do GDF que hoje atinge a cifra de R$ 1,7 bilh\u00e3o. \u00c9 a securitiza\u00e7\u00e3o da d\u00edvida, mas agora com mais lastro. A negocia\u00e7\u00e3o abrange as parcelas do Refis, o cr\u00e9dito com o parcelamento dos impostos atrasados, promovido [&hellip;]<\/p>\n","protected":false},"author":9,"featured_media":7586,"comment_status":"open","ping_status":"closed","sticky":false,"template":"","format":"standard","meta":{"wpb_read_more":[],"footnotes":""},"categories":[234],"tags":[],"class_list":["post-7585","post","type-post","status-publish","format-standard","has-post-thumbnail","hentry","category-cb-poder"],"_links":{"self":[{"href":"https:\/\/blogs2.correiobraziliense.com.br\/cbpoder\/wp-json\/wp\/v2\/posts\/7585","targetHints":{"allow":["GET"]}}],"collection":[{"href":"https:\/\/blogs2.correiobraziliense.com.br\/cbpoder\/wp-json\/wp\/v2\/posts"}],"about":[{"href":"https:\/\/blogs2.correiobraziliense.com.br\/cbpoder\/wp-json\/wp\/v2\/types\/post"}],"author":[{"embeddable":true,"href":"https:\/\/blogs2.correiobraziliense.com.br\/cbpoder\/wp-json\/wp\/v2\/users\/9"}],"replies":[{"embeddable":true,"href":"https:\/\/blogs2.correiobraziliense.com.br\/cbpoder\/wp-json\/wp\/v2\/comments?post=7585"}],"version-history":[{"count":1,"href":"https:\/\/blogs2.correiobraziliense.com.br\/cbpoder\/wp-json\/wp\/v2\/posts\/7585\/revisions"}],"predecessor-version":[{"id":7587,"href":"https:\/\/blogs2.correiobraziliense.com.br\/cbpoder\/wp-json\/wp\/v2\/posts\/7585\/revisions\/7587"}],"wp:featuredmedia":[{"embeddable":true,"href":"https:\/\/blogs2.correiobraziliense.com.br\/cbpoder\/wp-json\/wp\/v2\/media\/7586"}],"wp:attachment":[{"href":"https:\/\/blogs2.correiobraziliense.com.br\/cbpoder\/wp-json\/wp\/v2\/media?parent=7585"}],"wp:term":[{"taxonomy":"category","embeddable":true,"href":"https:\/\/blogs2.correiobraziliense.com.br\/cbpoder\/wp-json\/wp\/v2\/categories?post=7585"},{"taxonomy":"post_tag","embeddable":true,"href":"https:\/\/blogs2.correiobraziliense.com.br\/cbpoder\/wp-json\/wp\/v2\/tags?post=7585"}],"curies":[{"name":"wp","href":"https:\/\/api.w.org\/{rel}","templated":true}]}}