{"id":8360,"date":"2017-05-11T17:40:38","date_gmt":"2017-05-11T20:40:38","guid":{"rendered":"https:\/\/blogs2.correiobraziliense.com.br\/cbpoder\/?p=8360"},"modified":"2017-05-11T17:40:38","modified_gmt":"2017-05-11T20:40:38","slug":"corregedor-recomenda-abertura-de-processo-por-quebra-de-decoro-contra-sandra-faraj","status":"publish","type":"post","link":"https:\/\/blogs2.correiobraziliense.com.br\/cbpoder\/corregedor-recomenda-abertura-de-processo-por-quebra-de-decoro-contra-sandra-faraj\/","title":{"rendered":"Corregedor recomenda abertura de processo por quebra de decoro contra Sandra Faraj"},"content":{"rendered":"<p>Ana Viriato<\/p>\n<p>A situa\u00e7\u00e3o da deputada Sandra Faraj (SD) acaba de ser agravada na C\u00e2mara Legislativa. O Corregedor da Casa, Juarez\u00e3o (PSB), recomendou \u00e0 Comiss\u00e3o de \u00c9tica a admiss\u00e3o do processo por quebra de decoro parlamentar contra a distrital. Ela \u00e9 suspeita de embolsar R$ 150 mil em verba indenizat\u00f3ria \u2014 valor que deveria ser repassado \u00e0 empresa Netpub pela presta\u00e7\u00e3o de servi\u00e7os ao longo de um ano.<\/p>\n<p>&#8220;A ideia \u00e9 que a Comiss\u00e3o de \u00c9tica e Decoro Parlamentar investigue o caso a fundo, uma vez que o colegiado tem mais tempo para realizar a apura\u00e7\u00e3o&#8221;, argumentou Juarez\u00e3o.<\/p>\n<p>A pr\u00f3xima reuni\u00e3o da Comiss\u00e3o ocorre em 24 de Maio. Na oportunidade, os distritais definir\u00e3o a data em que o processo ser\u00e1 analisado.<\/p>\n<p>Den\u00fancia<\/p>\n<p>O ex- comissionado de Sandra Faraj e propriet\u00e1rio da Ag\u00eancia de Tecnologia e Comunica\u00e7\u00e3o Netpub, Filipe Nogueira Coimbra, alega que o contrato, firmado em fevereiro de 2015, estabelecia seis faturas no valor de R$ 15 mil, e outras seis de R$ 14 mil \u2014 um total de R$ 174 mil \u2014 as quais derivavam do desenvolvimento e manuten\u00e7\u00e3o de plataformas eletr\u00f4nicas, envio de SMS, gerenciamento de sistemas, entre outros. A empresa, entretanto, teria recebido apenas o equivalente a 10 boletos de R$ 2.655, ou seja, R$ 26.550.<\/p>\n<p>A ag\u00eancia emitiu notas fiscais, cujos conte\u00fados atestam o recebimento dos subs\u00eddios. Os comprovantes est\u00e3o dispon\u00edveis no portal da transpar\u00eancia da C\u00e2mara Legislativa. Por\u00e9m, segundo a den\u00fancia, Faraj exigia a obten\u00e7\u00e3o dos recibos antes de efetuar os pagamentos. O caso \u00e9 investigado pelo Minist\u00e9rio P\u00fablico do DF e Territ\u00f3rios (MPDFT), no \u00e2mbito da Opera\u00e7\u00e3o Hemera. H\u00e1, ainda, uma a\u00e7\u00e3o em tramita\u00e7\u00e3o na 2\u00aa Vara de Execu\u00e7\u00e3o de T\u00edtulo Extrajudicial de Bras\u00edlia.<\/p>\n<p>Com o parecer de Juarez\u00e3o em m\u00e3os, o presidente da Comiss\u00e3o de \u00c9tica, Ricardo Vale (PT), convocar\u00e1 sess\u00e3o para que o relat\u00f3rio seja votado. Caso os parlamentares decidam pela abertura de sindic\u00e2ncia, Faraj ser\u00e1 notificada e ter\u00e1 30 dias para elaborar a defesa. Frente ao contraponto, o colegiado poder\u00e1 avaliar o caso em um m\u00eas \u2014 o prazo pode ser prorrogado por mais 30 dias.<\/p>\n<p>Se os distritais decidirem dar andamento \u00e0 pe\u00e7a, a Comiss\u00e3o de Constitui\u00e7\u00e3o e Justi\u00e7a (CCJ) analisar\u00e1 a representa\u00e7\u00e3o para verificar se as quest\u00f5es legais e jur\u00eddicas s\u00e3o respeitadas. Somente ap\u00f3s o tr\u00e2mite, o processo seria levado a plen\u00e1rio. L\u00e1, o colegiado decidiria o futuro de Faraj: cassa\u00e7\u00e3o ou manuten\u00e7\u00e3o do mandato.<\/p>\n","protected":false},"excerpt":{"rendered":"<p>Ana Viriato A situa\u00e7\u00e3o da deputada Sandra Faraj (SD) acaba de ser agravada na C\u00e2mara Legislativa. O Corregedor da Casa, Juarez\u00e3o (PSB), recomendou \u00e0 Comiss\u00e3o de \u00c9tica a admiss\u00e3o do processo por quebra de decoro parlamentar contra a distrital. Ela \u00e9 suspeita de embolsar R$ 150 mil em verba indenizat\u00f3ria \u2014 valor que deveria ser [&hellip;]<\/p>\n","protected":false},"author":9,"featured_media":8238,"comment_status":"open","ping_status":"closed","sticky":false,"template":"","format":"standard","meta":{"wpb_read_more":[],"footnotes":""},"categories":[234],"tags":[740,741,29],"class_list":["post-8360","post","type-post","status-publish","format-standard","has-post-thumbnail","hentry","category-cb-poder","tag-corregedor","tag-quebra-de-decoro","tag-sandra-faraj"],"_links":{"self":[{"href":"https:\/\/blogs2.correiobraziliense.com.br\/cbpoder\/wp-json\/wp\/v2\/posts\/8360","targetHints":{"allow":["GET"]}}],"collection":[{"href":"https:\/\/blogs2.correiobraziliense.com.br\/cbpoder\/wp-json\/wp\/v2\/posts"}],"about":[{"href":"https:\/\/blogs2.correiobraziliense.com.br\/cbpoder\/wp-json\/wp\/v2\/types\/post"}],"author":[{"embeddable":true,"href":"https:\/\/blogs2.correiobraziliense.com.br\/cbpoder\/wp-json\/wp\/v2\/users\/9"}],"replies":[{"embeddable":true,"href":"https:\/\/blogs2.correiobraziliense.com.br\/cbpoder\/wp-json\/wp\/v2\/comments?post=8360"}],"version-history":[{"count":2,"href":"https:\/\/blogs2.correiobraziliense.com.br\/cbpoder\/wp-json\/wp\/v2\/posts\/8360\/revisions"}],"predecessor-version":[{"id":8362,"href":"https:\/\/blogs2.correiobraziliense.com.br\/cbpoder\/wp-json\/wp\/v2\/posts\/8360\/revisions\/8362"}],"wp:featuredmedia":[{"embeddable":true,"href":"https:\/\/blogs2.correiobraziliense.com.br\/cbpoder\/wp-json\/wp\/v2\/media\/8238"}],"wp:attachment":[{"href":"https:\/\/blogs2.correiobraziliense.com.br\/cbpoder\/wp-json\/wp\/v2\/media?parent=8360"}],"wp:term":[{"taxonomy":"category","embeddable":true,"href":"https:\/\/blogs2.correiobraziliense.com.br\/cbpoder\/wp-json\/wp\/v2\/categories?post=8360"},{"taxonomy":"post_tag","embeddable":true,"href":"https:\/\/blogs2.correiobraziliense.com.br\/cbpoder\/wp-json\/wp\/v2\/tags?post=8360"}],"curies":[{"name":"wp","href":"https:\/\/api.w.org\/{rel}","templated":true}]}}