{"id":8476,"date":"2017-05-20T12:30:52","date_gmt":"2017-05-20T15:30:52","guid":{"rendered":"https:\/\/blogs2.correiobraziliense.com.br\/cbpoder\/?p=8476"},"modified":"2017-05-20T12:30:52","modified_gmt":"2017-05-20T15:30:52","slug":"advogado-mantinha-mansao-de-luxo","status":"publish","type":"post","link":"https:\/\/blogs2.correiobraziliense.com.br\/cbpoder\/advogado-mantinha-mansao-de-luxo\/","title":{"rendered":"Preso por corromper procurador, advogado mantinha mans\u00e3o de luxo para captar clientes"},"content":{"rendered":"<p>ANA MARIA CAMPOS<br \/>\nCom menos de 10 anos na ativa, o advogado Willer Tomaz conseguiu montar um luxuoso escrit\u00f3rio no Lago Sul, com \u00e1rea gourmet, chef e gar\u00e7ons contratados em restaurantes badalados de Bras\u00edlia, al\u00e9m de quadras de t\u00eanis, com professor \u00e0 disposi\u00e7\u00e3o de seus amigos.<\/p>\n<p>Apontado como um sujeito de conversa envolvente, cheio de hist\u00f3rias para contar e contatos com magistrados, Willer desfruta tamb\u00e9m de muitas amizades no meio pol\u00edtico.<\/p>\n<p>De sua sala, ele costuma monitorar o trabalho dos funcion\u00e1rios com c\u00e2meras que registram toda a movimenta\u00e7\u00e3o na mans\u00e3o.<\/p>\n<p>\u201cAjuda de custo\u201d<br \/>\nNo depoimento prestado \u00e0 Procuradoria-geral da Rep\u00fablica, Joesley Batista contou que o advogado Willer Tomaz daria uma quantia de R$ 50 mil a t\u00edtulo de \u201cajuda de custo\u201d ao procurador da Rep\u00fablica Angelo Goulart Vilella, em troca de informa\u00e7\u00f5es da for\u00e7a-tarefa para a Opera\u00e7\u00e3o Greenfield.<\/p>\n<p>Uma boa colabora\u00e7\u00e3o para quem tem sal\u00e1rio l\u00edquido de R$ 23.874,75, j\u00e1 inclu\u00eddos os penduricalhos, segundo Portal da Transpar\u00eancia do Minist\u00e9rio P\u00fablico Federal.<\/p>\n<p>Barreira<br \/>\nJoesley Batista disse acreditar que Willer Tomaz se aproximou para evitar que o empres\u00e1rio, controlador da JBS, fizesse uma dela\u00e7\u00e3o premiada que prejudicasse pol\u00edticos do PMDB.<\/p>\n","protected":false},"excerpt":{"rendered":"<p>ANA MARIA CAMPOS Com menos de 10 anos na ativa, o advogado Willer Tomaz conseguiu montar um luxuoso escrit\u00f3rio no Lago Sul, com \u00e1rea gourmet, chef e gar\u00e7ons contratados em restaurantes badalados de Bras\u00edlia, al\u00e9m de quadras de t\u00eanis, com professor \u00e0 disposi\u00e7\u00e3o de seus amigos. Apontado como um sujeito de conversa envolvente, cheio de [&hellip;]<\/p>\n","protected":false},"author":9,"featured_media":8466,"comment_status":"open","ping_status":"closed","sticky":false,"template":"","format":"standard","meta":{"wpb_read_more":[],"footnotes":""},"categories":[234],"tags":[755,753],"class_list":["post-8476","post","type-post","status-publish","format-standard","has-post-thumbnail","hentry","category-cb-poder","tag-operacao-patmos","tag-willer-tomaz"],"_links":{"self":[{"href":"https:\/\/blogs2.correiobraziliense.com.br\/cbpoder\/wp-json\/wp\/v2\/posts\/8476","targetHints":{"allow":["GET"]}}],"collection":[{"href":"https:\/\/blogs2.correiobraziliense.com.br\/cbpoder\/wp-json\/wp\/v2\/posts"}],"about":[{"href":"https:\/\/blogs2.correiobraziliense.com.br\/cbpoder\/wp-json\/wp\/v2\/types\/post"}],"author":[{"embeddable":true,"href":"https:\/\/blogs2.correiobraziliense.com.br\/cbpoder\/wp-json\/wp\/v2\/users\/9"}],"replies":[{"embeddable":true,"href":"https:\/\/blogs2.correiobraziliense.com.br\/cbpoder\/wp-json\/wp\/v2\/comments?post=8476"}],"version-history":[{"count":1,"href":"https:\/\/blogs2.correiobraziliense.com.br\/cbpoder\/wp-json\/wp\/v2\/posts\/8476\/revisions"}],"predecessor-version":[{"id":8477,"href":"https:\/\/blogs2.correiobraziliense.com.br\/cbpoder\/wp-json\/wp\/v2\/posts\/8476\/revisions\/8477"}],"wp:featuredmedia":[{"embeddable":true,"href":"https:\/\/blogs2.correiobraziliense.com.br\/cbpoder\/wp-json\/wp\/v2\/media\/8466"}],"wp:attachment":[{"href":"https:\/\/blogs2.correiobraziliense.com.br\/cbpoder\/wp-json\/wp\/v2\/media?parent=8476"}],"wp:term":[{"taxonomy":"category","embeddable":true,"href":"https:\/\/blogs2.correiobraziliense.com.br\/cbpoder\/wp-json\/wp\/v2\/categories?post=8476"},{"taxonomy":"post_tag","embeddable":true,"href":"https:\/\/blogs2.correiobraziliense.com.br\/cbpoder\/wp-json\/wp\/v2\/tags?post=8476"}],"curies":[{"name":"wp","href":"https:\/\/api.w.org\/{rel}","templated":true}]}}