{"id":8682,"date":"2017-06-06T11:40:15","date_gmt":"2017-06-06T14:40:15","guid":{"rendered":"https:\/\/blogs2.correiobraziliense.com.br\/cbpoder\/?p=8682"},"modified":"2017-06-06T11:39:38","modified_gmt":"2017-06-06T14:39:38","slug":"filippelli-corre-o-risco-de-perder-poder-no-pmdb","status":"publish","type":"post","link":"https:\/\/blogs2.correiobraziliense.com.br\/cbpoder\/filippelli-corre-o-risco-de-perder-poder-no-pmdb\/","title":{"rendered":"Filippelli corre o risco de perder poder no PMDB"},"content":{"rendered":"<p>A Opera\u00e7\u00e3o Panatenaico vai tirar de Tadeu Filippelli o gostinho de participar da cerim\u00f4nia de san\u00e7\u00e3o da MP 759, que trata de regulariza\u00e7\u00e3o fundi\u00e1ria, com regras para os condom\u00ednios do Distrito Federal. O ato deve ocorrer na pr\u00f3xima sexta-feira no Pal\u00e1cio do Planalto. Mas Filippelli, exonerado do cargo de assessor especial do presidente Michel Temer, n\u00e3o deve participar. O ex-vice-governador do DF participou da costura para inclus\u00e3o de medidas que possibilitem a venda dos terrenos e facilitem o processo de titula\u00e7\u00e3o dessas propriedades. Dias antes da edi\u00e7\u00e3o da medida provis\u00f3ria, ele se reuniu com o governador Rodrigo Rollemberg (PSB) para discutir o assunto (foto) e passou a usar o tema como propaganda pol\u00edtica para 2018. Mas agora est\u00e1 fora do poder.<\/p>\n<p>&nbsp;<\/p>\n<p><strong>O risco de perder o controle do PMDB<\/strong><br \/>\nDepois de passar nove dias na pris\u00e3o, o ex-vice-governador Tadeu Filippelli tem pela frente uma batalha importante para permanecer vivo no cen\u00e1rio pol\u00edtico. Ele precisa manter o controle do PMDB-DF. Mesmo bem relacionado entre peemedebistas da dire\u00e7\u00e3o nacional, Filippelli pode perder a presid\u00eancia da legenda ou precisar se sujeitar a uma composi\u00e7\u00e3o que n\u00e3o lhe agrade por conta dos desgastes decorrentes das dela\u00e7\u00f5es de executivos da Andrade Gutierrez. H\u00e1 precedentes. O pr\u00f3prio Filippelli conseguiu impor, em 2009, uma derrota interna a Joaquim Roriz. Mesmo tendo sido governador quatro vezes, Roriz precisou deixar o partido para se candidatar novamente. Estava, na \u00e9poca abatido pela repercuss\u00e3o da Opera\u00e7\u00e3o Aquarela, que o fez renunciar ao mandato de senador, dois anos antes.<\/p>\n<p>&nbsp;<\/p>\n<p><strong>De ficha limpa para a pris\u00e3o<\/strong><br \/>\nAmigos comentam que Tadeu Filippelli ficou muito abalado com a pris\u00e3o na Opera\u00e7\u00e3o Panatenaico. Em quatro mandatos como o homem das obras dos governos de Joaquim Roriz, ele passou inc\u00f3lume e sempre ostentava no curr\u00edculo a ficha limpa. O sonho de ser governador agora deve ser trocado por uma candidatura de deputado federal.<\/p>\n","protected":false},"excerpt":{"rendered":"<p>A Opera\u00e7\u00e3o Panatenaico vai tirar de Tadeu Filippelli o gostinho de participar da cerim\u00f4nia de san\u00e7\u00e3o da MP 759, que trata de regulariza\u00e7\u00e3o fundi\u00e1ria, com regras para os condom\u00ednios do Distrito Federal. O ato deve ocorrer na pr\u00f3xima sexta-feira no Pal\u00e1cio do Planalto. Mas Filippelli, exonerado do cargo de assessor especial do presidente Michel Temer, [&hellip;]<\/p>\n","protected":false},"author":9,"featured_media":8683,"comment_status":"open","ping_status":"closed","sticky":false,"template":"","format":"standard","meta":{"wpb_read_more":[],"footnotes":""},"categories":[234],"tags":[],"class_list":["post-8682","post","type-post","status-publish","format-standard","has-post-thumbnail","hentry","category-cb-poder"],"_links":{"self":[{"href":"https:\/\/blogs2.correiobraziliense.com.br\/cbpoder\/wp-json\/wp\/v2\/posts\/8682","targetHints":{"allow":["GET"]}}],"collection":[{"href":"https:\/\/blogs2.correiobraziliense.com.br\/cbpoder\/wp-json\/wp\/v2\/posts"}],"about":[{"href":"https:\/\/blogs2.correiobraziliense.com.br\/cbpoder\/wp-json\/wp\/v2\/types\/post"}],"author":[{"embeddable":true,"href":"https:\/\/blogs2.correiobraziliense.com.br\/cbpoder\/wp-json\/wp\/v2\/users\/9"}],"replies":[{"embeddable":true,"href":"https:\/\/blogs2.correiobraziliense.com.br\/cbpoder\/wp-json\/wp\/v2\/comments?post=8682"}],"version-history":[{"count":1,"href":"https:\/\/blogs2.correiobraziliense.com.br\/cbpoder\/wp-json\/wp\/v2\/posts\/8682\/revisions"}],"predecessor-version":[{"id":8684,"href":"https:\/\/blogs2.correiobraziliense.com.br\/cbpoder\/wp-json\/wp\/v2\/posts\/8682\/revisions\/8684"}],"wp:featuredmedia":[{"embeddable":true,"href":"https:\/\/blogs2.correiobraziliense.com.br\/cbpoder\/wp-json\/wp\/v2\/media\/8683"}],"wp:attachment":[{"href":"https:\/\/blogs2.correiobraziliense.com.br\/cbpoder\/wp-json\/wp\/v2\/media?parent=8682"}],"wp:term":[{"taxonomy":"category","embeddable":true,"href":"https:\/\/blogs2.correiobraziliense.com.br\/cbpoder\/wp-json\/wp\/v2\/categories?post=8682"},{"taxonomy":"post_tag","embeddable":true,"href":"https:\/\/blogs2.correiobraziliense.com.br\/cbpoder\/wp-json\/wp\/v2\/tags?post=8682"}],"curies":[{"name":"wp","href":"https:\/\/api.w.org\/{rel}","templated":true}]}}