{"id":8710,"date":"2017-06-07T19:58:43","date_gmt":"2017-06-07T22:58:43","guid":{"rendered":"https:\/\/blogs2.correiobraziliense.com.br\/cbpoder\/?p=8710"},"modified":"2017-06-07T19:58:43","modified_gmt":"2017-06-07T22:58:43","slug":"pms-e-bombeiros-querem-unificar-movimento-com-a-policia-civil","status":"publish","type":"post","link":"https:\/\/blogs2.correiobraziliense.com.br\/cbpoder\/pms-e-bombeiros-querem-unificar-movimento-com-a-policia-civil\/","title":{"rendered":"Policiais e bombeiros militares querem unificar movimento salarial com policiais civis para pressionar Rollemberg"},"content":{"rendered":"<p>ANA MARIA CAMPOS<\/p>\n<p>As Associa\u00e7\u00f5es de Policiais e Bombeiros Militares decidiram hoje (07\/06) declarar apoio \u00e0s reivindica\u00e7\u00f5es salariais da Pol\u00edcia Civil do DF. Em nota, entidades que representam pra\u00e7as e oficiais se colocam como solid\u00e1rios \u00e0 campanha de policiais civis. &#8220;A bem da verdade informamos para a sociedade do Distrito Federal que jamais fomos contra a paridade requerida pelos policiais civis do DF com a Pol\u00edcia Federal. Pelo contr\u00e1rio, somos favor\u00e1veis e achamos uma pretens\u00e3o mais que justa, just\u00edssima&#8221;, afirmam os dirigentes das entidades.<\/p>\n<p>Pelo menos duas associa\u00e7\u00f5es da PM, a de oficiais e a de pra\u00e7as, s\u00e3o presididas por advers\u00e1rios do governador Rodrigo Rollemberg (PSB). Ex-chefe da Casa Militar do governo Agnelo Queiroz, o coronel da reserva Rog\u00e9rio Le\u00e3o e o ex-deputado distrital Jo\u00e3o de Deus, cr\u00edticos da atual gest\u00e3o, lideram o movimento. A estrat\u00e9gia \u00e9 unificar as campanhas de reivindica\u00e7\u00e3o das for\u00e7as de seguran\u00e7a para tentar fortalecer as reivindica\u00e7\u00f5es. &#8220;Chega de enfrentamentos. Juntos somos mais fortes&#8221;, acredita Le\u00e3o.<\/p>\n<p>O governo alega que n\u00e3o tem dinheiro para honrar a paridade requerida pela Pol\u00edcia Civil com os sal\u00e1rios da Pol\u00edcia Federal, que representaria um aumento de 37% nos contracheques.<\/p>\n<p>Uma das barreiras, apontada pela equipe de Rollemberg, seria a isonomia de tratamento com policiais e bombeiros militares. O discurso do governador \u00e9 de que se uma categoria for contemplada, as outras tamb\u00e9m devem ser. Mas os representantes de associa\u00e7\u00f5es de PMs e Bombeiros acreditam que est\u00e3o sendo usados como desculpa na negocia\u00e7\u00e3o com policiais civis. O Executivo n\u00e3o pretende autorizar reajustes para nenhuma categoria de servidores. Nem mesmo os aumentos autorizados no governo Agnelo e suspensos na atual gest\u00e3o para 32 categorias.<\/p>\n<p>O movimento de policiais e bombeiros militares \u00e9 pol\u00edtico e conta com a simpatia de integrantes de sindicatos de policiais civis. Nessa aproxima\u00e7\u00e3o, o presidente do Sindicato de Delegados da Pol\u00edcia Civil, Rafael Sampaio, tem um almo\u00e7o marcado para amanh\u00e3 (08\/06) com integrantes da Associa\u00e7\u00e3o dos Oficiais da Reserva da PM.<\/p>\n","protected":false},"excerpt":{"rendered":"<p>ANA MARIA CAMPOS As Associa\u00e7\u00f5es de Policiais e Bombeiros Militares decidiram hoje (07\/06) declarar apoio \u00e0s reivindica\u00e7\u00f5es salariais da Pol\u00edcia Civil do DF. Em nota, entidades que representam pra\u00e7as e oficiais se colocam como solid\u00e1rios \u00e0 campanha de policiais civis. &#8220;A bem da verdade informamos para a sociedade do Distrito Federal que jamais fomos contra [&hellip;]<\/p>\n","protected":false},"author":9,"featured_media":8712,"comment_status":"open","ping_status":"closed","sticky":false,"template":"","format":"standard","meta":{"wpb_read_more":[],"footnotes":""},"categories":[234],"tags":[763,467,762,761,764],"class_list":["post-8710","post","type-post","status-publish","format-standard","has-post-thumbnail","hentry","category-cb-poder","tag-bombeiros","tag-paridade","tag-policiais-civis","tag-policiais-militares","tag-unificacao-movimento-salarial"],"_links":{"self":[{"href":"https:\/\/blogs2.correiobraziliense.com.br\/cbpoder\/wp-json\/wp\/v2\/posts\/8710","targetHints":{"allow":["GET"]}}],"collection":[{"href":"https:\/\/blogs2.correiobraziliense.com.br\/cbpoder\/wp-json\/wp\/v2\/posts"}],"about":[{"href":"https:\/\/blogs2.correiobraziliense.com.br\/cbpoder\/wp-json\/wp\/v2\/types\/post"}],"author":[{"embeddable":true,"href":"https:\/\/blogs2.correiobraziliense.com.br\/cbpoder\/wp-json\/wp\/v2\/users\/9"}],"replies":[{"embeddable":true,"href":"https:\/\/blogs2.correiobraziliense.com.br\/cbpoder\/wp-json\/wp\/v2\/comments?post=8710"}],"version-history":[{"count":1,"href":"https:\/\/blogs2.correiobraziliense.com.br\/cbpoder\/wp-json\/wp\/v2\/posts\/8710\/revisions"}],"predecessor-version":[{"id":8711,"href":"https:\/\/blogs2.correiobraziliense.com.br\/cbpoder\/wp-json\/wp\/v2\/posts\/8710\/revisions\/8711"}],"wp:featuredmedia":[{"embeddable":true,"href":"https:\/\/blogs2.correiobraziliense.com.br\/cbpoder\/wp-json\/wp\/v2\/media\/8712"}],"wp:attachment":[{"href":"https:\/\/blogs2.correiobraziliense.com.br\/cbpoder\/wp-json\/wp\/v2\/media?parent=8710"}],"wp:term":[{"taxonomy":"category","embeddable":true,"href":"https:\/\/blogs2.correiobraziliense.com.br\/cbpoder\/wp-json\/wp\/v2\/categories?post=8710"},{"taxonomy":"post_tag","embeddable":true,"href":"https:\/\/blogs2.correiobraziliense.com.br\/cbpoder\/wp-json\/wp\/v2\/tags?post=8710"}],"curies":[{"name":"wp","href":"https:\/\/api.w.org\/{rel}","templated":true}]}}