{"id":8713,"date":"2017-06-08T10:47:06","date_gmt":"2017-06-08T13:47:06","guid":{"rendered":"https:\/\/blogs2.correiobraziliense.com.br\/cbpoder\/?p=8713"},"modified":"2017-06-08T10:50:41","modified_gmt":"2017-06-08T13:50:41","slug":"camara-vai-medir-saia-das-frequentadoras","status":"publish","type":"post","link":"https:\/\/blogs2.correiobraziliense.com.br\/cbpoder\/camara-vai-medir-saia-das-frequentadoras\/","title":{"rendered":"C\u00e2mara Legislativa vai fiscalizar tamanho da saia das frequentadoras da Casa"},"content":{"rendered":"<p>A Pol\u00edcia Legislativa da C\u00e2mara Legislativa ganhou uma nova fun\u00e7\u00e3o: vai medir o tamanho da saia dos frequentadores da Casa. Portaria publicada ontem cria regras r\u00edgidas para cidad\u00e3os visitarem o pr\u00e9dio. Est\u00e1 proibida a entrada e perman\u00eancia de pessoas com \u201ctrajes sum\u00e1rios\u201d, como bermudas, roupas muito curtas e shorts. Tamb\u00e9m est\u00e1 vetado entrar com bon\u00e9s, a n\u00e3o ser que haja autoriza\u00e7\u00e3o da C\u00e2mara.<\/p>\n<figure id=\"attachment_8718\" aria-describedby=\"caption-attachment-8718\" style=\"width: 300px\" class=\"wp-caption alignnone\"><a href=\"https:\/\/blogs2.correiobraziliense.com.br\/cbpoder\/wp-content\/uploads\/sites\/5\/2017\/06\/portaria-CLDF-saias-1.jpg\" rel=\"attachment wp-att-8718\"><img loading=\"lazy\" decoding=\"async\" class=\"size-medium wp-image-8718\" src=\"https:\/\/blogs2.correiobraziliense.com.br\/cbpoder\/wp-content\/uploads\/sites\/5\/2017\/06\/portaria-CLDF-saias-1-300x201.jpg\" alt=\"Reprodu\u00e7\u00e3o\" width=\"300\" height=\"201\" srcset=\"https:\/\/blogs2.correiobraziliense.com.br\/cbpoder\/wp-content\/uploads\/sites\/5\/2017\/06\/portaria-CLDF-saias-1-300x201.jpg 300w, https:\/\/blogs2.correiobraziliense.com.br\/cbpoder\/wp-content\/uploads\/sites\/5\/2017\/06\/portaria-CLDF-saias-1-350x234.jpg 350w, https:\/\/blogs2.correiobraziliense.com.br\/cbpoder\/wp-content\/uploads\/sites\/5\/2017\/06\/portaria-CLDF-saias-1-550x368.jpg 550w, https:\/\/blogs2.correiobraziliense.com.br\/cbpoder\/wp-content\/uploads\/sites\/5\/2017\/06\/portaria-CLDF-saias-1-230x154.jpg 230w, https:\/\/blogs2.correiobraziliense.com.br\/cbpoder\/wp-content\/uploads\/sites\/5\/2017\/06\/portaria-CLDF-saias-1.jpg 745w\" sizes=\"auto, (max-width: 300px) 100vw, 300px\" \/><\/a><figcaption id=\"caption-attachment-8718\" class=\"wp-caption-text\">Reprodu\u00e7\u00e3o<\/figcaption><\/figure>\n","protected":false},"excerpt":{"rendered":"<p>A Pol\u00edcia Legislativa da C\u00e2mara Legislativa ganhou uma nova fun\u00e7\u00e3o: vai medir o tamanho da saia dos frequentadores da Casa. Portaria publicada ontem cria regras r\u00edgidas para cidad\u00e3os visitarem o pr\u00e9dio. Est\u00e1 proibida a entrada e perman\u00eancia de pessoas com \u201ctrajes sum\u00e1rios\u201d, como bermudas, roupas muito curtas e shorts. Tamb\u00e9m est\u00e1 vetado entrar com bon\u00e9s, [&hellip;]<\/p>\n","protected":false},"author":9,"featured_media":8714,"comment_status":"open","ping_status":"closed","sticky":false,"template":"","format":"standard","meta":{"wpb_read_more":[],"footnotes":""},"categories":[234],"tags":[],"class_list":["post-8713","post","type-post","status-publish","format-standard","has-post-thumbnail","hentry","category-cb-poder"],"_links":{"self":[{"href":"https:\/\/blogs2.correiobraziliense.com.br\/cbpoder\/wp-json\/wp\/v2\/posts\/8713","targetHints":{"allow":["GET"]}}],"collection":[{"href":"https:\/\/blogs2.correiobraziliense.com.br\/cbpoder\/wp-json\/wp\/v2\/posts"}],"about":[{"href":"https:\/\/blogs2.correiobraziliense.com.br\/cbpoder\/wp-json\/wp\/v2\/types\/post"}],"author":[{"embeddable":true,"href":"https:\/\/blogs2.correiobraziliense.com.br\/cbpoder\/wp-json\/wp\/v2\/users\/9"}],"replies":[{"embeddable":true,"href":"https:\/\/blogs2.correiobraziliense.com.br\/cbpoder\/wp-json\/wp\/v2\/comments?post=8713"}],"version-history":[{"count":4,"href":"https:\/\/blogs2.correiobraziliense.com.br\/cbpoder\/wp-json\/wp\/v2\/posts\/8713\/revisions"}],"predecessor-version":[{"id":8720,"href":"https:\/\/blogs2.correiobraziliense.com.br\/cbpoder\/wp-json\/wp\/v2\/posts\/8713\/revisions\/8720"}],"wp:featuredmedia":[{"embeddable":true,"href":"https:\/\/blogs2.correiobraziliense.com.br\/cbpoder\/wp-json\/wp\/v2\/media\/8714"}],"wp:attachment":[{"href":"https:\/\/blogs2.correiobraziliense.com.br\/cbpoder\/wp-json\/wp\/v2\/media?parent=8713"}],"wp:term":[{"taxonomy":"category","embeddable":true,"href":"https:\/\/blogs2.correiobraziliense.com.br\/cbpoder\/wp-json\/wp\/v2\/categories?post=8713"},{"taxonomy":"post_tag","embeddable":true,"href":"https:\/\/blogs2.correiobraziliense.com.br\/cbpoder\/wp-json\/wp\/v2\/tags?post=8713"}],"curies":[{"name":"wp","href":"https:\/\/api.w.org\/{rel}","templated":true}]}}