{"id":8986,"date":"2017-07-16T18:03:14","date_gmt":"2017-07-16T21:03:14","guid":{"rendered":"https:\/\/blogs2.correiobraziliense.com.br\/cbpoder\/?p=8986"},"modified":"2017-07-16T18:03:14","modified_gmt":"2017-07-16T21:03:14","slug":"denunciada-na-operacao-genebra-volta-prisao","status":"publish","type":"post","link":"https:\/\/blogs2.correiobraziliense.com.br\/cbpoder\/denunciada-na-operacao-genebra-volta-prisao\/","title":{"rendered":"Minist\u00e9rio P\u00fablico cumpre no Rio mandado de pris\u00e3o de denunciada na Opera\u00e7\u00e3o Genebra"},"content":{"rendered":"<p>ANA MARIA CAMPOS<\/p>\n<p>O Minist\u00e9rio P\u00fablico do Distrito Federal e Territ\u00f3rios (MPDFT) deflagrou ontem a terceira fase da Opera\u00e7\u00e3o Genebra com a pris\u00e3o, no Rio de Janeiro, de uma ex-dirigente da filial de Petr\u00f3polis da Cruz Vermelha envolvida no contrato da Secretaria de Sa\u00fade, de 2010, considerado irregular de gest\u00e3o de duas UPAs.<\/p>\n<p>Denunciada pelos crimes de dispensa ilegal de licita\u00e7\u00e3o, falsifica\u00e7\u00e3o de documento p\u00fablico, peculato e lavagem de dinheiro, Tatty Anna Kroker foi detida na primeira fase da opera\u00e7\u00e3o, com outros dois dirigentes da entidade, mas havia conseguido converter o mandado de pris\u00e3o preventiva em domiciliar com o argumento de que precisava cuidar do filho de 10 anos.<\/p>\n<p>Mas uma investiga\u00e7\u00e3o do MPDFT em parceria com o Grupo de Combate \u00e0s Organiza\u00e7\u00f5es Criminosas (Gaeco) de Belo Horizonte apontou que al\u00e9m da av\u00f3, a crian\u00e7a poderia permanecer com outros dois parentes.<\/p>\n<p>Dessa forma, a 3\u00aa Turma Criminal do Tribunal de Justi\u00e7a do DF confirmou a pris\u00e3o preventiva.<\/p>\n<p>Os promotores de Justi\u00e7a Lu\u00eds Henrique Ishihara (foto) e Marcel Bernardi Marques cumpriram ontem (15\/07) o mandado de pris\u00e3o no Rio de Janeiro.<\/p>\n<p>Tatty Anna Kroker permanecer\u00e1 no pres\u00eddio da Colmeia.<\/p>\n<p>Segundo o Minist\u00e9rio P\u00fablico, o contrato provocou um preju\u00edzo de R$ 9 milh\u00f5es em valores atualizados. A den\u00fancia do Minist\u00e9rio P\u00fablico aponta o envolvimento de ex-servidores da Secretaria de Sa\u00fade, do Conselho de Sa\u00fade, ex-dirigentes da Cruz Vermelha, o ex-secret\u00e1rio de Sa\u00fade Joaquim Barros da Silva Neto e o ex-secret\u00e1rio-adjunto de Sa\u00fade Fernando Antunes.<\/p>\n","protected":false},"excerpt":{"rendered":"<p>ANA MARIA CAMPOS O Minist\u00e9rio P\u00fablico do Distrito Federal e Territ\u00f3rios (MPDFT) deflagrou ontem a terceira fase da Opera\u00e7\u00e3o Genebra com a pris\u00e3o, no Rio de Janeiro, de uma ex-dirigente da filial de Petr\u00f3polis da Cruz Vermelha envolvida no contrato da Secretaria de Sa\u00fade, de 2010, considerado irregular de gest\u00e3o de duas UPAs. Denunciada pelos [&hellip;]<\/p>\n","protected":false},"author":9,"featured_media":8987,"comment_status":"open","ping_status":"closed","sticky":false,"template":"","format":"standard","meta":{"wpb_read_more":[],"footnotes":""},"categories":[234],"tags":[782,715,779,410,805],"class_list":["post-8986","post","type-post","status-publish","format-standard","has-post-thumbnail","hentry","category-cb-poder","tag-cruz-vermelha","tag-ministerio-publico-do-distrito-federal","tag-operacao-genebra","tag-prisao","tag-tatty-anna-kroker"],"_links":{"self":[{"href":"https:\/\/blogs2.correiobraziliense.com.br\/cbpoder\/wp-json\/wp\/v2\/posts\/8986","targetHints":{"allow":["GET"]}}],"collection":[{"href":"https:\/\/blogs2.correiobraziliense.com.br\/cbpoder\/wp-json\/wp\/v2\/posts"}],"about":[{"href":"https:\/\/blogs2.correiobraziliense.com.br\/cbpoder\/wp-json\/wp\/v2\/types\/post"}],"author":[{"embeddable":true,"href":"https:\/\/blogs2.correiobraziliense.com.br\/cbpoder\/wp-json\/wp\/v2\/users\/9"}],"replies":[{"embeddable":true,"href":"https:\/\/blogs2.correiobraziliense.com.br\/cbpoder\/wp-json\/wp\/v2\/comments?post=8986"}],"version-history":[{"count":1,"href":"https:\/\/blogs2.correiobraziliense.com.br\/cbpoder\/wp-json\/wp\/v2\/posts\/8986\/revisions"}],"predecessor-version":[{"id":8988,"href":"https:\/\/blogs2.correiobraziliense.com.br\/cbpoder\/wp-json\/wp\/v2\/posts\/8986\/revisions\/8988"}],"wp:featuredmedia":[{"embeddable":true,"href":"https:\/\/blogs2.correiobraziliense.com.br\/cbpoder\/wp-json\/wp\/v2\/media\/8987"}],"wp:attachment":[{"href":"https:\/\/blogs2.correiobraziliense.com.br\/cbpoder\/wp-json\/wp\/v2\/media?parent=8986"}],"wp:term":[{"taxonomy":"category","embeddable":true,"href":"https:\/\/blogs2.correiobraziliense.com.br\/cbpoder\/wp-json\/wp\/v2\/categories?post=8986"},{"taxonomy":"post_tag","embeddable":true,"href":"https:\/\/blogs2.correiobraziliense.com.br\/cbpoder\/wp-json\/wp\/v2\/tags?post=8986"}],"curies":[{"name":"wp","href":"https:\/\/api.w.org\/{rel}","templated":true}]}}