{"id":9017,"date":"2017-07-21T16:40:47","date_gmt":"2017-07-21T19:40:47","guid":{"rendered":"https:\/\/blogs2.correiobraziliense.com.br\/cbpoder\/?p=9017"},"modified":"2017-07-21T16:40:47","modified_gmt":"2017-07-21T19:40:47","slug":"acao-questiona-reducao-de-supersalarios-em-empresas-publicas-do-df","status":"publish","type":"post","link":"https:\/\/blogs2.correiobraziliense.com.br\/cbpoder\/acao-questiona-reducao-de-supersalarios-em-empresas-publicas-do-df\/","title":{"rendered":"A\u00e7\u00e3o questiona corte de supersal\u00e1rios em empresas p\u00fablicas do DF"},"content":{"rendered":"<p>A Confedera\u00e7\u00e3o Nacional dos Trabalhadores Liberais Universit\u00e1rios Regulamentados (CNTU) ajuizou no Supremo Tribunal Federal (STF) A\u00e7\u00e3o Direta de Inconstitucionalidade, com pedido de liminar, para questionar a emenda \u00e0 Lei Org\u00e2nica do Distrito Federal que estendeu a aplica\u00e7\u00e3o do teto remunerat\u00f3rio \u00e0s empresas p\u00fablicas e \u00e0s sociedades de economia mista distritais, bem como suas subsidi\u00e1rias, independentemente de receberem ou n\u00e3o recursos da Fazenda P\u00fablica para pagamento de pessoal.<\/p>\n<p>Na a\u00e7\u00e3o, est\u00e1 em quest\u00e3o a emenda que alterou a reda\u00e7\u00e3o do par\u00e1grafo 5\u00ba do artigo 19 da Lei Org\u00e2nica do DF (LODF). De acordo com a CNTU, a Constitui\u00e7\u00e3o Federal, em seu artigo 37 (par\u00e1grafo 9\u00ba), restringe a aplica\u00e7\u00e3o do teto remunerat\u00f3rio \u00e0s empresas p\u00fablicas e \u00e0s sociedades de economia mista, e suas subsidi\u00e1rias, que receberem recursos da Uni\u00e3o, dos estados, do Distrito Federal ou dos munic\u00edpios para pagamento de despesas de pessoal ou de custeio em geral.<\/p>\n<p>A entidade aponta que a submiss\u00e3o de empresas p\u00fablicas e sociedades de economia mista ao teto remunerat\u00f3rio se constitui uma exce\u00e7\u00e3o. Segundo a a\u00e7\u00e3o, a quest\u00e3o da inexist\u00eancia de teto remunerat\u00f3rio para empregados de estatais que n\u00e3o recebem recursos da Fazenda P\u00fablica est\u00e1 disciplinada na Constitui\u00e7\u00e3o, \u201cn\u00e3o cabendo \u00e0 Lei Org\u00e2nica do DF dispor em sentido diametralmente oposto\u201d.<\/p>\n<p>Apontando a possibilidade de preju\u00edzo a diversos empregados com a imin\u00eancia da entrada em vigor da norma, o que acontecer\u00e1 no pr\u00f3ximo dia 24 de agosto, a confedera\u00e7\u00e3o pede a concess\u00e3o de liminar para suspender os efeitos da Emenda \u00e0 LODF 99\/2017. No m\u00e9rito, pede a declara\u00e7\u00e3o de inconstitucionalidade do dispositivo atacado.<\/p>\n<p><b>Presid\u00eancia<\/b><\/p>\n<p>A presidente do STF, ministra C\u00e1rmen L\u00facia, entendeu que o caso dos autos n\u00e3o se enquadra na previs\u00e3o do artigo 13, inciso VIII, do Regimento Interno do Supremo, segundo o qual compete a Presid\u00eancia do Tribunal decidir quest\u00f5es urgentes nos per\u00edodos de recesso ou de f\u00e9rias. Ela determinou que o processo seja encaminhado ao gabinete do relator, ministro Celso de Mello, a quem caber\u00e1 a an\u00e1lise do tema ap\u00f3s as f\u00e9rias forenses.<\/p>\n<p>Com informa\u00e7\u00f5es do Supremo Tribunal Federal (STF)<\/p>\n","protected":false},"excerpt":{"rendered":"<p>A Confedera\u00e7\u00e3o Nacional dos Trabalhadores Liberais Universit\u00e1rios Regulamentados (CNTU) ajuizou no Supremo Tribunal Federal (STF) A\u00e7\u00e3o Direta de Inconstitucionalidade, com pedido de liminar, para questionar a emenda \u00e0 Lei Org\u00e2nica do Distrito Federal que estendeu a aplica\u00e7\u00e3o do teto remunerat\u00f3rio \u00e0s empresas p\u00fablicas e \u00e0s sociedades de economia mista distritais, bem como suas subsidi\u00e1rias, independentemente [&hellip;]<\/p>\n","protected":false},"author":9,"featured_media":9019,"comment_status":"open","ping_status":"closed","sticky":false,"template":"","format":"standard","meta":{"wpb_read_more":[],"footnotes":""},"categories":[234],"tags":[815,149,706],"class_list":["post-9017","post","type-post","status-publish","format-standard","has-post-thumbnail","hentry","category-cb-poder","tag-lei-organica","tag-stf","tag-supersalarios"],"_links":{"self":[{"href":"https:\/\/blogs2.correiobraziliense.com.br\/cbpoder\/wp-json\/wp\/v2\/posts\/9017","targetHints":{"allow":["GET"]}}],"collection":[{"href":"https:\/\/blogs2.correiobraziliense.com.br\/cbpoder\/wp-json\/wp\/v2\/posts"}],"about":[{"href":"https:\/\/blogs2.correiobraziliense.com.br\/cbpoder\/wp-json\/wp\/v2\/types\/post"}],"author":[{"embeddable":true,"href":"https:\/\/blogs2.correiobraziliense.com.br\/cbpoder\/wp-json\/wp\/v2\/users\/9"}],"replies":[{"embeddable":true,"href":"https:\/\/blogs2.correiobraziliense.com.br\/cbpoder\/wp-json\/wp\/v2\/comments?post=9017"}],"version-history":[{"count":1,"href":"https:\/\/blogs2.correiobraziliense.com.br\/cbpoder\/wp-json\/wp\/v2\/posts\/9017\/revisions"}],"predecessor-version":[{"id":9018,"href":"https:\/\/blogs2.correiobraziliense.com.br\/cbpoder\/wp-json\/wp\/v2\/posts\/9017\/revisions\/9018"}],"wp:featuredmedia":[{"embeddable":true,"href":"https:\/\/blogs2.correiobraziliense.com.br\/cbpoder\/wp-json\/wp\/v2\/media\/9019"}],"wp:attachment":[{"href":"https:\/\/blogs2.correiobraziliense.com.br\/cbpoder\/wp-json\/wp\/v2\/media?parent=9017"}],"wp:term":[{"taxonomy":"category","embeddable":true,"href":"https:\/\/blogs2.correiobraziliense.com.br\/cbpoder\/wp-json\/wp\/v2\/categories?post=9017"},{"taxonomy":"post_tag","embeddable":true,"href":"https:\/\/blogs2.correiobraziliense.com.br\/cbpoder\/wp-json\/wp\/v2\/tags?post=9017"}],"curies":[{"name":"wp","href":"https:\/\/api.w.org\/{rel}","templated":true}]}}