{"id":9118,"date":"2017-08-04T11:24:30","date_gmt":"2017-08-04T14:24:30","guid":{"rendered":"https:\/\/blogs2.correiobraziliense.com.br\/cbpoder\/?p=9118"},"modified":"2017-08-04T11:24:30","modified_gmt":"2017-08-04T14:24:30","slug":"temer-libera-50-milhoes-a-deputados-do-df","status":"publish","type":"post","link":"https:\/\/blogs2.correiobraziliense.com.br\/cbpoder\/temer-libera-50-milhoes-a-deputados-do-df\/","title":{"rendered":"Temer liberou mais de R$ 50 milh\u00f5es em emendas para deputados do DF"},"content":{"rendered":"<p>Em meio \u00e0 articula\u00e7\u00e3o pol\u00edtica para barrar a den\u00fancia por corrup\u00e7\u00e3o passiva na C\u00e2mara dos Deputados, o governo Temer empenhou mais de R$ 4,2 bilh\u00f5es em emendas parlamentares e liquidou R$ 1,6 bilh\u00e3o em restos a pagar. A bancada do Distrito Federal, com oito deputados, foi contemplada com R$ 51,5 milh\u00f5es. Mas o Pal\u00e1cio do Planalto n\u00e3o discriminou advers\u00e1rios. At\u00e9 os deputados \u00c9rika Kokay (PT\/DF) e Augusto Carvalho (SD\/DF), que votaram pelo prosseguimento do processo contra Temer, tiveram emendas autorizadas.<\/p>\n<p>&nbsp;<\/p>\n<p>No caso da petista, foram R$ 4,2 milh\u00f5es. Augusto conseguiu a libera\u00e7\u00e3o de R$ 6 milh\u00f5es. Os maiores benefici\u00e1rios, no entanto, foram o deputado Izalci Lucas (PSDB\/DF), com R$ 10,8 milh\u00f5es em emendas pagas, e Laerte Bessa (PR\/DF), que conseguiu R$ 9,6 milh\u00f5es. Bessa, ali\u00e1s, atuou como integrante da tropa de choque de Temer ao entrar em campo na CCJ na \u00faltima hora em substitui\u00e7\u00e3o a um colega de partido que pretendia votar a favor do relat\u00f3rio de S\u00e9rgio Sveiter (PMDB\/RJ) que recomendou o recebimento da den\u00fancia da Procuradoria-geral da Rep\u00fablica.<\/p>\n<p>&nbsp;<\/p>\n<p><strong>Todos foram contemplados<\/strong><br \/>\nMembros da CCJ, com voto pr\u00f3-Temer, os deputados Rog\u00e9rio Rosso (PSD-DF) e Ronaldo Fonseca (Pros-DF), conseguiram, respectivamente, R$ 6,8 milh\u00f5es e R$ 4,2 milh\u00f5es em libera\u00e7\u00e3o de emendas. A Presid\u00eancia da Rep\u00fablica autorizou a execu\u00e7\u00e3o de R$ 4,9 milh\u00f5es em emendas de R\u00f4ney Nemer (PP\/DF) e R$ 4,6 milh\u00f5es de Alberto Fraga (DEM-DF). A maioria contempla a\u00e7\u00f5es pagas com recursos do Fundo de Sa\u00fade.<\/p>\n<p>&nbsp;<\/p>\n<p><strong>Votos contradit\u00f3rios<\/strong><br \/>\nNa bancada do DF, apenas o deputado Augusto Carvalho (SD) votou a favor do impeachment de Dilma Rousseff e do prosseguimento da den\u00fancia contra o presidente Michel Temer. Alberto Fraga (DEM), Laerte Bessa (PR), Izalci Lucas (PSDB), Ronaldo Fonseca (Pros) e Rog\u00e9rio Rosso (PSD) condenaram a petista, mas salvaram Temer. Roney Nemer (PP) votou pelo impeachment e seu voto no processo de Temer n\u00e3o ser\u00e1 conhecido, j\u00e1 que ele est\u00e1 de licen\u00e7a m\u00e9dica. \u00c9rika Kokay (PT), por sua vez, defendeu Dilma e condenou Temer.<\/p>\n","protected":false},"excerpt":{"rendered":"<p>Em meio \u00e0 articula\u00e7\u00e3o pol\u00edtica para barrar a den\u00fancia por corrup\u00e7\u00e3o passiva na C\u00e2mara dos Deputados, o governo Temer empenhou mais de R$ 4,2 bilh\u00f5es em emendas parlamentares e liquidou R$ 1,6 bilh\u00e3o em restos a pagar. A bancada do Distrito Federal, com oito deputados, foi contemplada com R$ 51,5 milh\u00f5es. Mas o Pal\u00e1cio do [&hellip;]<\/p>\n","protected":false},"author":9,"featured_media":9119,"comment_status":"open","ping_status":"closed","sticky":false,"template":"","format":"standard","meta":{"wpb_read_more":[],"footnotes":""},"categories":[234],"tags":[],"class_list":["post-9118","post","type-post","status-publish","format-standard","has-post-thumbnail","hentry","category-cb-poder"],"_links":{"self":[{"href":"https:\/\/blogs2.correiobraziliense.com.br\/cbpoder\/wp-json\/wp\/v2\/posts\/9118","targetHints":{"allow":["GET"]}}],"collection":[{"href":"https:\/\/blogs2.correiobraziliense.com.br\/cbpoder\/wp-json\/wp\/v2\/posts"}],"about":[{"href":"https:\/\/blogs2.correiobraziliense.com.br\/cbpoder\/wp-json\/wp\/v2\/types\/post"}],"author":[{"embeddable":true,"href":"https:\/\/blogs2.correiobraziliense.com.br\/cbpoder\/wp-json\/wp\/v2\/users\/9"}],"replies":[{"embeddable":true,"href":"https:\/\/blogs2.correiobraziliense.com.br\/cbpoder\/wp-json\/wp\/v2\/comments?post=9118"}],"version-history":[{"count":1,"href":"https:\/\/blogs2.correiobraziliense.com.br\/cbpoder\/wp-json\/wp\/v2\/posts\/9118\/revisions"}],"predecessor-version":[{"id":9120,"href":"https:\/\/blogs2.correiobraziliense.com.br\/cbpoder\/wp-json\/wp\/v2\/posts\/9118\/revisions\/9120"}],"wp:featuredmedia":[{"embeddable":true,"href":"https:\/\/blogs2.correiobraziliense.com.br\/cbpoder\/wp-json\/wp\/v2\/media\/9119"}],"wp:attachment":[{"href":"https:\/\/blogs2.correiobraziliense.com.br\/cbpoder\/wp-json\/wp\/v2\/media?parent=9118"}],"wp:term":[{"taxonomy":"category","embeddable":true,"href":"https:\/\/blogs2.correiobraziliense.com.br\/cbpoder\/wp-json\/wp\/v2\/categories?post=9118"},{"taxonomy":"post_tag","embeddable":true,"href":"https:\/\/blogs2.correiobraziliense.com.br\/cbpoder\/wp-json\/wp\/v2\/tags?post=9118"}],"curies":[{"name":"wp","href":"https:\/\/api.w.org\/{rel}","templated":true}]}}