{"id":9130,"date":"2017-08-07T16:58:00","date_gmt":"2017-08-07T19:58:00","guid":{"rendered":"https:\/\/blogs2.correiobraziliense.com.br\/cbpoder\/?p=9130"},"modified":"2017-08-07T16:58:00","modified_gmt":"2017-08-07T19:58:00","slug":"justica-eleitoral-suspende-propaganda-do-dem-contra-rollemberg","status":"publish","type":"post","link":"https:\/\/blogs2.correiobraziliense.com.br\/cbpoder\/justica-eleitoral-suspende-propaganda-do-dem-contra-rollemberg\/","title":{"rendered":"Justi\u00e7a Eleitoral suspende propaganda do DEM contra Rollemberg"},"content":{"rendered":"<p>ANA MARIA CAMPOS<\/p>\n<p>A Justi\u00e7a Eleitoral suspendeu, por meio de liminar, as inser\u00e7\u00f5es do DEM, partido do deputado Alberto Fraga (DF), com ataques ao governo de Rodrigo Rollemberg.<\/p>\n<p>O pedido foi formulado pelo PSB que apontou ilegalidade de propagandas do DEM por usar o espa\u00e7o publicit\u00e1rio gratuito para divulgar informa\u00e7\u00f5es falsas contra o atual governo, em vez de tratar de temas relacionados \u00e0 finalidade de esclarecer aos cidad\u00e3os os princ\u00edpios e a\u00e7\u00f5es do partido.<\/p>\n<p>Entre os dias 3 e 5 de julho, o DEM exibiu nas programa\u00e7\u00e3o das emissoras de r\u00e1dio e televis\u00e3o 10 inser\u00e7\u00f5es de 30 segundos duas propagandas com conte\u00fado distinto nos quais, segundo o entendimento do Tribunal Regional Eleitoral (TRE-DF), continham informa\u00e7\u00f5es falsas contra a atua\u00e7\u00e3o de Rollemberg.<\/p>\n<p>Uma das propagandas aponta gastos altos do GDF com publicidade. Na outra, o DEM afirma que o governo estaria divulgando como a\u00e7\u00f5es suas obras realizadas em administra\u00e7\u00f5es anteriores.<\/p>\n<p>Ao conceder a liminar para suspender as inser\u00e7\u00f5es, a desembargadora Carmelita Brasil considerou que a propaganda partid\u00e1ria gratuita tem por objetivos exclusivos a difus\u00e3o dos programas das legendas. a transmiss\u00e3o de mensagens aos filiados, a divulga\u00e7\u00e3o da posi\u00e7\u00e3o em rela\u00e7\u00e3o a temas pol\u00edtico-comunit\u00e1rios e a promo\u00e7\u00e3o e divulga\u00e7\u00e3o da participa\u00e7\u00e3o feminina, segundo o que estabelece o artigo 45 da Lei 9.96\/95. &#8220;O respectivo conte\u00fado resume-se \u00e0 acusa\u00e7\u00e3o ao atual governador de n\u00e3o ter dinheiro para custear os gastos p\u00fablicos, mas usar verba excesso para publicidade e, ainda, n\u00e3o ter realizado qualquer obra&#8221;, ressaltou a magistrada.<\/p>\n<p>Carmelita Brasil acrescenta: &#8220;H\u00e1 nos autos fortes elementos apontando no sentido de serem inver\u00eddicas as afirma\u00e7\u00f5es feitas nas propagandas veiculadas&#8221;. A desembargadora mandou notificar as emissoras de televis\u00e3o e r\u00e1dio para n\u00e3o divulgarem tais propagandas e facultou ao DEM que apresente outras inser\u00e7\u00f5es para a data prevista para as veicula\u00e7\u00f5es, a partir de hoje (07\/08).<\/p>\n","protected":false},"excerpt":{"rendered":"<p>ANA MARIA CAMPOS A Justi\u00e7a Eleitoral suspendeu, por meio de liminar, as inser\u00e7\u00f5es do DEM, partido do deputado Alberto Fraga (DF), com ataques ao governo de Rodrigo Rollemberg. O pedido foi formulado pelo PSB que apontou ilegalidade de propagandas do DEM por usar o espa\u00e7o publicit\u00e1rio gratuito para divulgar informa\u00e7\u00f5es falsas contra o atual governo, [&hellip;]<\/p>\n","protected":false},"author":9,"featured_media":9131,"comment_status":"open","ping_status":"closed","sticky":false,"template":"","format":"standard","meta":{"wpb_read_more":[],"footnotes":""},"categories":[234],"tags":[834,83,81,52,833],"class_list":["post-9130","post","type-post","status-publish","format-standard","has-post-thumbnail","hentry","category-cb-poder","tag-carrmelita-brasil","tag-dem","tag-fraga","tag-psb","tag-rollemberg-justica-eleitoral"],"_links":{"self":[{"href":"https:\/\/blogs2.correiobraziliense.com.br\/cbpoder\/wp-json\/wp\/v2\/posts\/9130","targetHints":{"allow":["GET"]}}],"collection":[{"href":"https:\/\/blogs2.correiobraziliense.com.br\/cbpoder\/wp-json\/wp\/v2\/posts"}],"about":[{"href":"https:\/\/blogs2.correiobraziliense.com.br\/cbpoder\/wp-json\/wp\/v2\/types\/post"}],"author":[{"embeddable":true,"href":"https:\/\/blogs2.correiobraziliense.com.br\/cbpoder\/wp-json\/wp\/v2\/users\/9"}],"replies":[{"embeddable":true,"href":"https:\/\/blogs2.correiobraziliense.com.br\/cbpoder\/wp-json\/wp\/v2\/comments?post=9130"}],"version-history":[{"count":1,"href":"https:\/\/blogs2.correiobraziliense.com.br\/cbpoder\/wp-json\/wp\/v2\/posts\/9130\/revisions"}],"predecessor-version":[{"id":9133,"href":"https:\/\/blogs2.correiobraziliense.com.br\/cbpoder\/wp-json\/wp\/v2\/posts\/9130\/revisions\/9133"}],"wp:featuredmedia":[{"embeddable":true,"href":"https:\/\/blogs2.correiobraziliense.com.br\/cbpoder\/wp-json\/wp\/v2\/media\/9131"}],"wp:attachment":[{"href":"https:\/\/blogs2.correiobraziliense.com.br\/cbpoder\/wp-json\/wp\/v2\/media?parent=9130"}],"wp:term":[{"taxonomy":"category","embeddable":true,"href":"https:\/\/blogs2.correiobraziliense.com.br\/cbpoder\/wp-json\/wp\/v2\/categories?post=9130"},{"taxonomy":"post_tag","embeddable":true,"href":"https:\/\/blogs2.correiobraziliense.com.br\/cbpoder\/wp-json\/wp\/v2\/tags?post=9130"}],"curies":[{"name":"wp","href":"https:\/\/api.w.org\/{rel}","templated":true}]}}