{"id":9494,"date":"2017-09-05T10:40:55","date_gmt":"2017-09-05T13:40:55","guid":{"rendered":"https:\/\/blogs2.correiobraziliense.com.br\/cbpoder\/?p=9494"},"modified":"2017-09-05T10:45:26","modified_gmt":"2017-09-05T13:45:26","slug":"joe-valle-vai-votar-contra-previdencia","status":"publish","type":"post","link":"https:\/\/blogs2.correiobraziliense.com.br\/cbpoder\/joe-valle-vai-votar-contra-previdencia\/","title":{"rendered":"&#8220;Vou votar contra&#8221;, diz Joe Valle, sobre projeto que altera a previd\u00eancia do Distrito Federal"},"content":{"rendered":"<div><\/div>\n<div><\/div>\n<div><\/div>\n<div><strong>Entrevista \/\/\u00a0\u00e0\u00a0queima roupa<\/strong><\/div>\n<div><\/div>\n<div>Joe Valle (PDT)<\/div>\n<div>Presidente da C\u00e2mara Legislativa<\/div>\n<div><\/div>\n<div><\/div>\n<div>\u00a0\u00a0***<\/div>\n<div><strong>Qual vai ser o seu voto no projeto do Executivo que muda a Previd\u00eancia dos servidores p\u00fablico do DF?<\/strong><\/div>\n<div>Vou votar contra. Considero votar agora um a\u00e7odamento. J\u00e1 coloquei isso claramente. N\u00e3o sou o contra o processo, mas acho que h\u00e1 muitas outras solu\u00e7\u00f5es e dever\u00edamos aproveitar o momento para resolver problemas conjunturais e estruturais. Discutir s\u00f3 uma solu\u00e7\u00e3o conjuntural, para mim, \u00e9 um pecado mortal.<\/div>\n<div><\/div>\n<div>\u00a0***<\/div>\n<div><strong>\u00c9 uma posi\u00e7\u00e3o sua ou do partido (PDT)?<\/strong><\/div>\n<div>Do partido e tamb\u00e9m minha, como parlamentar. O deputado Reginaldo Veras (PDT) tamb\u00e9m vai votar contra.<\/div>\n<div><\/div>\n<div>\u00a0***<\/div>\n<div><strong>Teme uma retalia\u00e7\u00e3o por parte do governo?<\/strong><\/div>\n<div>A gente vota por Bras\u00edlia. Qualquer retalia\u00e7\u00e3o seria \u00e0 cidade. Trabalho de forma muito consciente. Consultei v\u00e1rios especialistas e estou coma consci\u00eancia tranquila para chegar a essa decis\u00e3o. No fim do debate hoje (ontem) eu tentei pelo menos adiar uma semana a vota\u00e7\u00e3o, mas fui vencido<\/div>\n<div><\/div>\n<div>\u00a0\u00a0***<\/div>\n<div><strong>Qual \u00e9 o seu receio em rela\u00e7\u00e3o ao projeto?\u00a0<\/strong><\/div>\n<div>Temos outros estados como Minas e Paran\u00e1 que fizeram e est\u00e3o sofrendo as consequ\u00eancias. Se um estado como o DF entrar num processo de crise como esse, pode quebrar a cidade. Temos que resolver o processo agora porque o governador Rodrigo Rollemberg colocou a ame\u00e7a de atrasar os sal\u00e1rios. Mas temos de buscar uma solu\u00e7\u00e3o que n\u00e3o represente um risco de explodir na m\u00e3o de um futuro governante. N\u00e3o pensar nisso \u00e9, no m\u00ednimo, irresponsabilidade.<\/div>\n<div><\/div>\n<div>\u00a0\u00a0***<\/div>\n<div><strong>O aux\u00edlio-doen\u00e7a seria uma sa\u00edda para n\u00e3o atrasar sal\u00e1rios neste ano?<\/strong><\/div>\n<div>O aux\u00edlio-doen\u00e7a \u00e9 uma sa\u00edda conjuntural. Poder\u00edamos trabalhar uma lei que pudesse resgatar o que foi pago pelo GDF nas licen\u00e7as e deveria ter sido repassado pelo Iprev. Ao mesmo tempo, a gente discutiria a mudan\u00e7a da previd\u00eancia com um processo mais seguro, em 30 a 90 dias, trazendo o debate nacional, com a participa\u00e7\u00e3o do Minist\u00e9rio da Previd\u00eancia.<\/div>\n<div><\/div>\n<div>\u00a0\u00a0***<\/div>\n<div><strong>Apesar da sua posi\u00e7\u00e3o, acha que o governador tem voto para aprovar o projeto?<\/strong><\/div>\n<div>Ser\u00e1 uma vota\u00e7\u00e3o bem dividida. Mas acredito que o governo tem os votos necess\u00e1rios para a aprova\u00e7\u00e3o.<\/div>\n<div><\/div>\n<div>\u00a0\u00a0***<\/div>\n<div><strong>J\u00e1 comunicou oficialmente a sua posi\u00e7\u00e3o ao governador Rodrigo Rollemberg?<\/strong><\/div>\n<div>Conversei com ele hoje (ontem). Ele d\u00e1 as explica\u00e7\u00f5es sobre o projeto. Ponderei, falei da autonomia dos poderes e ressaltei que, se votasse amanh\u00e3 (hoje), seria contra o processo.<\/div>\n","protected":false},"excerpt":{"rendered":"<p>Entrevista \/\/\u00a0\u00e0\u00a0queima roupa Joe Valle (PDT) Presidente da C\u00e2mara Legislativa \u00a0\u00a0*** Qual vai ser o seu voto no projeto do Executivo que muda a Previd\u00eancia dos servidores p\u00fablico do DF? Vou votar contra. Considero votar agora um a\u00e7odamento. J\u00e1 coloquei isso claramente. N\u00e3o sou o contra o processo, mas acho que h\u00e1 muitas outras solu\u00e7\u00f5es [&hellip;]<\/p>\n","protected":false},"author":9,"featured_media":9495,"comment_status":"open","ping_status":"closed","sticky":false,"template":"","format":"standard","meta":{"wpb_read_more":[],"footnotes":""},"categories":[234],"tags":[],"class_list":["post-9494","post","type-post","status-publish","format-standard","has-post-thumbnail","hentry","category-cb-poder"],"_links":{"self":[{"href":"https:\/\/blogs2.correiobraziliense.com.br\/cbpoder\/wp-json\/wp\/v2\/posts\/9494","targetHints":{"allow":["GET"]}}],"collection":[{"href":"https:\/\/blogs2.correiobraziliense.com.br\/cbpoder\/wp-json\/wp\/v2\/posts"}],"about":[{"href":"https:\/\/blogs2.correiobraziliense.com.br\/cbpoder\/wp-json\/wp\/v2\/types\/post"}],"author":[{"embeddable":true,"href":"https:\/\/blogs2.correiobraziliense.com.br\/cbpoder\/wp-json\/wp\/v2\/users\/9"}],"replies":[{"embeddable":true,"href":"https:\/\/blogs2.correiobraziliense.com.br\/cbpoder\/wp-json\/wp\/v2\/comments?post=9494"}],"version-history":[{"count":5,"href":"https:\/\/blogs2.correiobraziliense.com.br\/cbpoder\/wp-json\/wp\/v2\/posts\/9494\/revisions"}],"predecessor-version":[{"id":9500,"href":"https:\/\/blogs2.correiobraziliense.com.br\/cbpoder\/wp-json\/wp\/v2\/posts\/9494\/revisions\/9500"}],"wp:featuredmedia":[{"embeddable":true,"href":"https:\/\/blogs2.correiobraziliense.com.br\/cbpoder\/wp-json\/wp\/v2\/media\/9495"}],"wp:attachment":[{"href":"https:\/\/blogs2.correiobraziliense.com.br\/cbpoder\/wp-json\/wp\/v2\/media?parent=9494"}],"wp:term":[{"taxonomy":"category","embeddable":true,"href":"https:\/\/blogs2.correiobraziliense.com.br\/cbpoder\/wp-json\/wp\/v2\/categories?post=9494"},{"taxonomy":"post_tag","embeddable":true,"href":"https:\/\/blogs2.correiobraziliense.com.br\/cbpoder\/wp-json\/wp\/v2\/tags?post=9494"}],"curies":[{"name":"wp","href":"https:\/\/api.w.org\/{rel}","templated":true}]}}