{"id":9666,"date":"2017-10-04T08:13:56","date_gmt":"2017-10-04T11:13:56","guid":{"rendered":"https:\/\/blogs2.correiobraziliense.com.br\/cbpoder\/?p=9666"},"modified":"2017-10-04T09:44:14","modified_gmt":"2017-10-04T12:44:14","slug":"sergio-sampaio-de-aliado-critico-da-policia-civil","status":"publish","type":"post","link":"https:\/\/blogs2.correiobraziliense.com.br\/cbpoder\/sergio-sampaio-de-aliado-critico-da-policia-civil\/","title":{"rendered":"Sergio Sampaio: de aliado a cr\u00edtico da Pol\u00edcia Civil"},"content":{"rendered":"<p>ANA MARIA CAMPOS<br \/>\nAs cr\u00edticas do chefe da Casa Civil, S\u00e9rgio Sampaio, sobre a jornada de trabalho de policiais civis causaram desconforto na categoria por dois motivos.<\/p>\n<p>Primeiro, ele sempre foi considerado um aliado da Pol\u00edcia Civil nas negocia\u00e7\u00f5es pela paridade. Foi, por iniciativa de Sampaio, inclusive, que surgiram propostas de reajustes.<\/p>\n<p>Em segundo lugar, o discurso foi interpretado como pol\u00edtico, uma declara\u00e7\u00e3o expl\u00edcita, estrat\u00e9gica, de confronto \u00e0 classe que tem se manifestado em conflito com o governador Rodrigo Rollemberg.<\/p>\n<p>O tom das declara\u00e7\u00f5es incomodou tanto que o diretor-geral da Pol\u00edcia Civil, Eric Seba, divulgou uma nota para contestar a vers\u00e3o de que a categoria trabalha pouco e n\u00e3o cumpre hor\u00e1rio.<\/p>\n<p>Foi a mais contundente manifesta\u00e7\u00e3o de Seba em defesa da PCDF rebatendo um integrante do pr\u00f3prio governo. Isso foi poss\u00edvel porque a categoria tem apresentado resultados.<\/p>\n<p>Diz um trecho da nota do diretor-geral: &#8220;Em rela\u00e7\u00e3o \u00e0s reiteradas opera\u00e7\u00f5es policiais, amplamente noticiadas, importa salientar que, mesmo abatidos pelo cen\u00e1rio econ\u00f4mico que afasta, por ora, a leg\u00edtima paridade remunerat\u00f3ria da PCDF com a Pol\u00edcia Federal, os policiais civis t\u00eam demonstrado alto grau de comprometimento com a popula\u00e7\u00e3o do Distrito Federal, elucidando crimes graves e realizando opera\u00e7\u00f5es de relev\u00e2ncia, visando reprimir a atua\u00e7\u00e3o de organiza\u00e7\u00f5es criminosas e, ainda, garantir a hist\u00f3rica redu\u00e7\u00e3o de criminalidade que vem sendo veiculada pelo Governo de Bras\u00edlia&#8221;.<\/p>\n<p>&nbsp;<\/p>\n","protected":false},"excerpt":{"rendered":"<p>ANA MARIA CAMPOS As cr\u00edticas do chefe da Casa Civil, S\u00e9rgio Sampaio, sobre a jornada de trabalho de policiais civis causaram desconforto na categoria por dois motivos. Primeiro, ele sempre foi considerado um aliado da Pol\u00edcia Civil nas negocia\u00e7\u00f5es pela paridade. Foi, por iniciativa de Sampaio, inclusive, que surgiram propostas de reajustes. Em segundo lugar, [&hellip;]<\/p>\n","protected":false},"author":9,"featured_media":8382,"comment_status":"open","ping_status":"closed","sticky":false,"template":"","format":"standard","meta":{"wpb_read_more":[],"footnotes":""},"categories":[234],"tags":[102,920],"class_list":["post-9666","post","type-post","status-publish","format-standard","has-post-thumbnail","hentry","category-cb-poder","tag-policia-civil","tag-sergio-sampaio"],"_links":{"self":[{"href":"https:\/\/blogs2.correiobraziliense.com.br\/cbpoder\/wp-json\/wp\/v2\/posts\/9666","targetHints":{"allow":["GET"]}}],"collection":[{"href":"https:\/\/blogs2.correiobraziliense.com.br\/cbpoder\/wp-json\/wp\/v2\/posts"}],"about":[{"href":"https:\/\/blogs2.correiobraziliense.com.br\/cbpoder\/wp-json\/wp\/v2\/types\/post"}],"author":[{"embeddable":true,"href":"https:\/\/blogs2.correiobraziliense.com.br\/cbpoder\/wp-json\/wp\/v2\/users\/9"}],"replies":[{"embeddable":true,"href":"https:\/\/blogs2.correiobraziliense.com.br\/cbpoder\/wp-json\/wp\/v2\/comments?post=9666"}],"version-history":[{"count":4,"href":"https:\/\/blogs2.correiobraziliense.com.br\/cbpoder\/wp-json\/wp\/v2\/posts\/9666\/revisions"}],"predecessor-version":[{"id":9670,"href":"https:\/\/blogs2.correiobraziliense.com.br\/cbpoder\/wp-json\/wp\/v2\/posts\/9666\/revisions\/9670"}],"wp:featuredmedia":[{"embeddable":true,"href":"https:\/\/blogs2.correiobraziliense.com.br\/cbpoder\/wp-json\/wp\/v2\/media\/8382"}],"wp:attachment":[{"href":"https:\/\/blogs2.correiobraziliense.com.br\/cbpoder\/wp-json\/wp\/v2\/media?parent=9666"}],"wp:term":[{"taxonomy":"category","embeddable":true,"href":"https:\/\/blogs2.correiobraziliense.com.br\/cbpoder\/wp-json\/wp\/v2\/categories?post=9666"},{"taxonomy":"post_tag","embeddable":true,"href":"https:\/\/blogs2.correiobraziliense.com.br\/cbpoder\/wp-json\/wp\/v2\/tags?post=9666"}],"curies":[{"name":"wp","href":"https:\/\/api.w.org\/{rel}","templated":true}]}}