{"id":1155,"date":"2017-01-19T19:22:33","date_gmt":"2017-01-19T21:22:33","guid":{"rendered":"https:\/\/blogs2.correiobraziliense.com.br\/denise\/?p=1155"},"modified":"2017-01-19T19:22:33","modified_gmt":"2017-01-19T21:22:33","slug":"carmen-lucia-nao-vai-esperar-novo-ministro-para-processo-da-lava-jato","status":"publish","type":"post","link":"https:\/\/blogs2.correiobraziliense.com.br\/denise\/carmen-lucia-nao-vai-esperar-novo-ministro-para-processo-da-lava-jato\/","title":{"rendered":"C\u00e1rmen L\u00facia n\u00e3o pretende esperar novo ministro para relatar Lava Jato"},"content":{"rendered":"<p>   A presidente do Supremo Tribunal Federal (STF), ministra C\u00e1rmen L\u00facia, n\u00e3o planeja esperar a escolha de um novo ministro para dar prosseguimento ao processo da Lava Jato. No STF, muitos j\u00e1 est\u00e3o dedicados a buscar brechas no regimento para escolher o novo relator. Assim, ela n\u00e3o fica obrigada a seguir \u00e0 risca o artigo 38, que, no caso de morte do relator, determina que os processos sejam  destinados a um novo ministro. <\/p>\n<p>   Assim, a ministra ainda protege o STF da teoria da conspira\u00e7\u00e3o que domina as redes sociais. No twitter e Facebook crescem a cada minuto a desconfian\u00e7a de que a morte prematura de Teori n\u00e3o foi um simples acidente. As investiga\u00e7\u00f5es dir\u00e3o em breve o que aconteceu no fat\u00eddico v\u00f4o da tarde desta quinta-feira.<\/p>\n","protected":false},"excerpt":{"rendered":"<p>A presidente do Supremo Tribunal Federal (STF), ministra C\u00e1rmen L\u00facia, n\u00e3o planeja esperar a escolha de um novo ministro para dar prosseguimento ao processo da Lava Jato. No STF, muitos j\u00e1 est\u00e3o dedicados a buscar brechas no regimento para escolher o novo relator. Assim, ela n\u00e3o fica obrigada a seguir \u00e0 risca o artigo 38, [&hellip;]<\/p>\n","protected":false},"author":29,"featured_media":0,"comment_status":"closed","ping_status":"closed","sticky":false,"template":"","format":"standard","meta":{"wpb_read_more":[],"footnotes":""},"categories":[5],"tags":[],"class_list":["post-1155","post","type-post","status-publish","format-standard","hentry","category-politica"],"_links":{"self":[{"href":"https:\/\/blogs2.correiobraziliense.com.br\/denise\/wp-json\/wp\/v2\/posts\/1155","targetHints":{"allow":["GET"]}}],"collection":[{"href":"https:\/\/blogs2.correiobraziliense.com.br\/denise\/wp-json\/wp\/v2\/posts"}],"about":[{"href":"https:\/\/blogs2.correiobraziliense.com.br\/denise\/wp-json\/wp\/v2\/types\/post"}],"author":[{"embeddable":true,"href":"https:\/\/blogs2.correiobraziliense.com.br\/denise\/wp-json\/wp\/v2\/users\/29"}],"replies":[{"embeddable":true,"href":"https:\/\/blogs2.correiobraziliense.com.br\/denise\/wp-json\/wp\/v2\/comments?post=1155"}],"version-history":[{"count":1,"href":"https:\/\/blogs2.correiobraziliense.com.br\/denise\/wp-json\/wp\/v2\/posts\/1155\/revisions"}],"predecessor-version":[{"id":1156,"href":"https:\/\/blogs2.correiobraziliense.com.br\/denise\/wp-json\/wp\/v2\/posts\/1155\/revisions\/1156"}],"wp:attachment":[{"href":"https:\/\/blogs2.correiobraziliense.com.br\/denise\/wp-json\/wp\/v2\/media?parent=1155"}],"wp:term":[{"taxonomy":"category","embeddable":true,"href":"https:\/\/blogs2.correiobraziliense.com.br\/denise\/wp-json\/wp\/v2\/categories?post=1155"},{"taxonomy":"post_tag","embeddable":true,"href":"https:\/\/blogs2.correiobraziliense.com.br\/denise\/wp-json\/wp\/v2\/tags?post=1155"}],"curies":[{"name":"wp","href":"https:\/\/api.w.org\/{rel}","templated":true}]}}