{"id":2655,"date":"2018-10-19T09:35:20","date_gmt":"2018-10-19T12:35:20","guid":{"rendered":"https:\/\/blogs2.correiobraziliense.com.br\/denise\/?p=2655"},"modified":"2018-10-19T16:37:25","modified_gmt":"2018-10-19T19:37:25","slug":"bolsonaro-fora-da-disputa","status":"publish","type":"post","link":"https:\/\/blogs2.correiobraziliense.com.br\/denise\/bolsonaro-fora-da-disputa\/","title":{"rendered":"Bolsonaro fora da disputa"},"content":{"rendered":"<p>page.jpg<\/p>\n<p>Calma, pessoal! \u00c9 da elei\u00e7\u00e3o para presidente da C\u00e2mara. Ao receber o apoio da maioria da bancada evang\u00e9lica, o candidato do PSL disse que, independentemente do resultado da elei\u00e7\u00e3o presidencial, pretende desencorajar os deputados estreantes de seu partido a disputarem a elei\u00e7\u00e3o para presidente da C\u00e2mara. \u201cPato novo n\u00e3o mergulha fundo\u201d, afirmou, repetindo o ditado popular. A muitos, ficou a impress\u00e3o de que, se eleito, Bolsonaro vai deixar a disputa correr e, depois, abra\u00e7ar o vitorioso, de forma a n\u00e3o criar animosidades na largada.<\/p>\n<p>Em tempo: Quem n\u00e3o gostou muito dessa conversa sobre Presid\u00eancia da C\u00e2mara foi o coordenador pol\u00edtico da campanha, Onyx Lorenzoni (DEM-RS): \u201cSomos um grupo humilde, pequeno e focado na elei\u00e7\u00e3o do dia 28. Depois disso, como eu espero e acredito, teremos 60 dias para a montagem do governo. \u00c9 s\u00f3 ap\u00f3s essa fase \u00e9 que olharemos para a elei\u00e7\u00e3o de presidente da C\u00e2mara\u201d, disse ele \u00e0 coluna.<\/p>\n<p>O terceiro turno I<\/p>\n<p>Esses \u00faltimos 10 dias at\u00e9 a elei\u00e7\u00e3o v\u00e3o deixar n\u00edtido o desenho de que a corrida ao eleitor n\u00e3o termina na noite de 28 de outubro. A contar pelo que disse ontem o senador eleito Jaques Wagner, do PT da Bahia, \u201co deadline n\u00e3o \u00e9 28. Depois, tem a diploma\u00e7\u00e3o e, mais tarde, a posse. Tem prefeito que \u00e9 cassado depois\u201d, afirmou, dando a entender que o PT se prepara para questionar o resultado.<\/p>\n<p>O terceiro turno II<\/p>\n<p>Jair Bolsonaro, do PSL, por sua vez, levanta suspeitas sobre as urnas eletr\u00f4nicas desde o in\u00edcio da campanha e j\u00e1 declarou em alto e bom som que \u201cpelo movimento que vemos nas ruas, n\u00e3o podemos aceitar resultado diferente da vit\u00f3ria\u201d.<\/p>\n<p>Terceiro turno II<\/p>\n<p>Entre os bolsonaristas, ali\u00e1s, a preocupa\u00e7\u00e3o impera. Afinal, eles consideram que o PT \u00e9 especialista em segundos turnos. Por isso, tanto eles quanto o pr\u00f3prio Haddad juntam muni\u00e7\u00e3o para embates futuros. E o pa\u00eds que o assista de camarote. Vem por a\u00ed um novembro sombrio.<\/p>\n<p>Rodrigo Dias se defende<\/p>\n<p>Indicado para a Anvisa, Rodrigo Dias tem percorrido os gabinetes dos senadores com realiza\u00e7\u00f5es \u00e0 frente da Funda\u00e7\u00e3o Nacional de Sa\u00fade. Quanto \u00e0 tomada de contas especial sobre irregularidades no \u00f3rg\u00e3o aberta pelo Tribunal de Contas da Uni\u00e3o, informa que foi ele quem levou as suspeitas ao tribunal. At\u00e9 aqui, seus aliados garantem que ele tem quebrado resist\u00eancias.<\/p>\n<p>Resta uma\/ O deputado S\u00f3stenes Cavalcante (DEM-RJ) tira apenas a deputada Benedita da Silva (PT-RJ) do rol de apoio a Bolsonaro dentro da bancada evang\u00e9lica.<\/p>\n<p>Caf\u00e9 com leite\/ Outro que se coloca fora dessa lista \u00e9 Cabo Daciolo (foto). Ele faz quest\u00e3o de n\u00e3o se apresentar como \u201cbancada evang\u00e9lica\u201d.<\/p>\n<p>Delgado, o atrevido I\/ \u00c1cido em suas cr\u00edticas ao PT, o ex-deputado petista Paulo Delgado \u00e9 citado assim entre antigos colegas de partido. Ontem, por exemplo, saiu-se com estas: \u201cO PT, em vez de processar o WhatsApp, deveria processar o Climatempo: quem n\u00e3o previu trovoada foi a meteorologia. A tecnologia anuncia h\u00e1 tempos que essa elei\u00e7\u00e3o seria travada nas redes sociais\u201d.<\/p>\n<p>Delgado, o atrevido II\/ \u201cO Bolsonaro j\u00e1 tem o primeiro milagre: fez a Manuela comungar no Dia de Nossa Senhora Aparecida.\u201d<\/p>\n","protected":false},"excerpt":{"rendered":"<p>page.jpg Calma, pessoal! \u00c9 da elei\u00e7\u00e3o para presidente da C\u00e2mara. Ao receber o apoio da maioria da bancada evang\u00e9lica, o candidato do PSL disse que, independentemente do resultado da elei\u00e7\u00e3o presidencial, pretende desencorajar os deputados estreantes de seu partido a disputarem a elei\u00e7\u00e3o para presidente da C\u00e2mara. \u201cPato novo n\u00e3o mergulha fundo\u201d, afirmou, repetindo o [&hellip;]<\/p>\n","protected":false},"author":29,"featured_media":0,"comment_status":"closed","ping_status":"closed","sticky":false,"template":"","format":"standard","meta":{"wpb_read_more":[],"footnotes":""},"categories":[4],"tags":[],"class_list":["post-2655","post","type-post","status-publish","format-standard","hentry","category-coluna-brasilia-df"],"_links":{"self":[{"href":"https:\/\/blogs2.correiobraziliense.com.br\/denise\/wp-json\/wp\/v2\/posts\/2655","targetHints":{"allow":["GET"]}}],"collection":[{"href":"https:\/\/blogs2.correiobraziliense.com.br\/denise\/wp-json\/wp\/v2\/posts"}],"about":[{"href":"https:\/\/blogs2.correiobraziliense.com.br\/denise\/wp-json\/wp\/v2\/types\/post"}],"author":[{"embeddable":true,"href":"https:\/\/blogs2.correiobraziliense.com.br\/denise\/wp-json\/wp\/v2\/users\/29"}],"replies":[{"embeddable":true,"href":"https:\/\/blogs2.correiobraziliense.com.br\/denise\/wp-json\/wp\/v2\/comments?post=2655"}],"version-history":[{"count":1,"href":"https:\/\/blogs2.correiobraziliense.com.br\/denise\/wp-json\/wp\/v2\/posts\/2655\/revisions"}],"predecessor-version":[{"id":2656,"href":"https:\/\/blogs2.correiobraziliense.com.br\/denise\/wp-json\/wp\/v2\/posts\/2655\/revisions\/2656"}],"wp:attachment":[{"href":"https:\/\/blogs2.correiobraziliense.com.br\/denise\/wp-json\/wp\/v2\/media?parent=2655"}],"wp:term":[{"taxonomy":"category","embeddable":true,"href":"https:\/\/blogs2.correiobraziliense.com.br\/denise\/wp-json\/wp\/v2\/categories?post=2655"},{"taxonomy":"post_tag","embeddable":true,"href":"https:\/\/blogs2.correiobraziliense.com.br\/denise\/wp-json\/wp\/v2\/tags?post=2655"}],"curies":[{"name":"wp","href":"https:\/\/api.w.org\/{rel}","templated":true}]}}