{"id":2698,"date":"2018-11-02T06:30:13","date_gmt":"2018-11-02T09:30:13","guid":{"rendered":"https:\/\/blogs2.correiobraziliense.com.br\/denise\/?p=2698"},"modified":"2018-11-02T17:32:47","modified_gmt":"2018-11-02T20:32:47","slug":"a-formula-bolsonaro","status":"publish","type":"post","link":"https:\/\/blogs2.correiobraziliense.com.br\/denise\/a-formula-bolsonaro\/","title":{"rendered":"A f\u00f3rmula Bolsonaro"},"content":{"rendered":"<p>Nas conversas com aqueles que deseja levar para o governo, o presidente eleito, Jair Bolsonaro, tem feito a seguinte afirma\u00e7\u00e3o aos mais reticentes: \u201cOlha: depois, se der errado, voc\u00ea vai ficar com dor na consci\u00eancia por n\u00e3o ter feito a sua parte pelo Brasil. \u00c9 a chance que temos, com carta branca para trabalhar\u201d. Assim, quem conversa com ele fica sem jeito de recusar. Quem for para a Sa\u00fade, por exemplo, ter\u00e1 o poder de indicar a Funda\u00e7\u00e3o Nacional de Sa\u00fade, os secret\u00e1rios, os diretores da Ag\u00eancia Nacional de Sa\u00fade e da Vigil\u00e2ncia Sanit\u00e1ria, sem precisar dar satisfa\u00e7\u00f5es aos partidos pol\u00edticos.<\/p>\n<p>\u00bb\u00a0\u00a0\u00a0\u00a0 \u00bb\u00a0\u00a0\u00a0\u00a0 \u00bb<\/p>\n<p>Foi essa a conversa que funcionou com S\u00e9rgio Moro, que ter\u00e1 ainda um bra\u00e7o do Conselho de Controle de Atividades Financeiras (Coaf) sob sua jurisdi\u00e7\u00e3o para ajudar no combate \u00e0 corrup\u00e7\u00e3o e ao crime organizado. Isso d\u00e1 ao juiz o poder de avaliar as movimenta\u00e7\u00f5es financeiras suspeitas. Outros nomes desse porte vir\u00e3o.<\/p>\n<p><b>Toque feminino no governo<\/b><\/p>\n<p>Jair Bolsonaro foi aconselhado a levar a senadora Ana Am\u00e9lia Lemos, candidata a vice na chapa de Geraldo Alckmin, para compor o seu governo. Ana Am\u00e9lia, que ficar\u00e1 sem mandato a partir de fevereiro, \u00e9 da bancada do agroneg\u00f3cio e surge agora como cotada para a Agricultura. Outro nome, tamb\u00e9m da bancada feminina, \u00e9 o da deputada Tereza Cristina, atual presidente da Frente Parlamentar do Agroneg\u00f3cio (FPA). Ele ainda n\u00e3o bateu o martelo, mas j\u00e1 foi avisado por aliados de que \u00e9 bom ter alguma mulher no primeiro escal\u00e3o. Ambas est\u00e3o no radar.<\/p>\n<p><b>A janela da Previd\u00eancia<\/b><\/p>\n<p>Se for para aprovar alguma coisa dentro da reforma da Previd\u00eancia, ter\u00e1 que ser antes de <a href=\"\/\/1\">12 de dezembro<\/a>. Essa \u00e9 a data marcada para a cirurgia em que o presidente eleito vai recompor o intestino, para que possa estar em condi\u00e7\u00f5es de tomar posse em <a href=\"\/\/2\">1\u00ba de janeiro<\/a>.<\/p>\n<p><b>Or\u00e7amento em revis\u00e3o<\/b><\/p>\n<p>Paralelamente \u00e0 reforma previdenci\u00e1ria, os respons\u00e1veis pela transi\u00e7\u00e3o de governo come\u00e7aram a rever o Or\u00e7amento. Est\u00e3o convencidos de que ou se parte para as parcerias p\u00fablico-privadas, ou n\u00e3o haver\u00e1 recursos para investimentos.<\/p>\n<p><b>PT na lida<\/b><\/p>\n<p>Os petistas v\u00e3o colocar todo o seu pessoal se revezando, no plen\u00e1rio da C\u00e2mara e em entrevistas \u00e0s ag\u00eancias internacionais, para passar a ideia de que o convite ao juiz S\u00e9rgio Moro foi um \u201cpagamento\u201d pela condena\u00e7\u00e3o de Lula. Em tempo: n\u00e3o foi o juiz que prendeu Lula e, sim, o Tribunal Regional Federal (TRF) da 4\u00aa Regi\u00e3o.<\/p>\n<p><b>CURTIDAS\u00a0\u00a0<\/b><\/p>\n<p><b>A cota\u00e7\u00e3o de Moro I\/<\/b> O fato de as casas de c\u00e2mbio em Bras\u00edlia terem zerado seus estoques de d\u00f3lares, ontem, conforme noticiou o Blog do Vicente, passou a impress\u00e3o de algo diretamente relacionado ao an\u00fancio de S\u00e9rgio Moro para o Minist\u00e9rio da Justi\u00e7a. A\u00a0 princ\u00edpio, n\u00e3o h\u00e1 rela\u00e7\u00e3o entre esses dois temas.<\/p>\n<p>[FOTO2]<br \/>\n<b>A cota\u00e7\u00e3o de Moro II\/<\/b> Na porta da casa de Bolsonaro, uma senhora desfilava ontem com um boneco Super Moro, nos mesmos moldes do famoso Pixuleco. Era um tal de \u201cnosso her\u00f3i\u201d para c\u00e1, \u201clind\u00e3o\u201d para l\u00e1. O juiz pensou inclusive em dar entrevista ao lado de Paulo Guedes (foto). Por\u00e9m, desistiu. Ali\u00e1s, a presen\u00e7a de Paulo Guedes seria para explicar a parte relativa ao Coaf dentro do Superminist\u00e9rio da Justi\u00e7a e da Seguran\u00e7a P\u00fablica.<\/p>\n<p><b>Por enquanto, eles aguentam\/ <\/b>Parte da vizinhan\u00e7a do presidente eleito, Jair Bolsonaro, est\u00e1 contando os dias para que ele fique definitivamente em Bras\u00edlia. Nada contra o vizinho ilustre. \u00c9 que j\u00e1 tem gente cansada da parafern\u00e1lia eletr\u00f4nica da imprensa na porta do condom\u00ednio.<\/p>\n<p><b>Depois, arranja outro lugar\/<\/b> Um vizinho que chegava de bicicleta foi direto, quando um jornalista comentou que ele podia se acostumar com aquela movimenta\u00e7\u00e3o todas as vezes que o presidente estivesse no Rio: \u201cEle que v\u00e1 para a base da Marinha, como os outros\u201d.\u00a0 O problema \u00e9 que se tem algo que Bolsonaro pretende ser nesse governo \u00e9 diferente dos antecessores.<\/p>\n","protected":false},"excerpt":{"rendered":"<p>Nas conversas com aqueles que deseja levar para o governo, o presidente eleito, Jair Bolsonaro, tem feito a seguinte afirma\u00e7\u00e3o aos mais reticentes: \u201cOlha: depois, se der errado, voc\u00ea vai ficar com dor na consci\u00eancia por n\u00e3o ter feito a sua parte pelo Brasil. \u00c9 a chance que temos, com carta branca para trabalhar\u201d. Assim, [&hellip;]<\/p>\n","protected":false},"author":29,"featured_media":0,"comment_status":"closed","ping_status":"closed","sticky":false,"template":"","format":"standard","meta":{"wpb_read_more":[],"footnotes":""},"categories":[4],"tags":[],"class_list":["post-2698","post","type-post","status-publish","format-standard","hentry","category-coluna-brasilia-df"],"_links":{"self":[{"href":"https:\/\/blogs2.correiobraziliense.com.br\/denise\/wp-json\/wp\/v2\/posts\/2698","targetHints":{"allow":["GET"]}}],"collection":[{"href":"https:\/\/blogs2.correiobraziliense.com.br\/denise\/wp-json\/wp\/v2\/posts"}],"about":[{"href":"https:\/\/blogs2.correiobraziliense.com.br\/denise\/wp-json\/wp\/v2\/types\/post"}],"author":[{"embeddable":true,"href":"https:\/\/blogs2.correiobraziliense.com.br\/denise\/wp-json\/wp\/v2\/users\/29"}],"replies":[{"embeddable":true,"href":"https:\/\/blogs2.correiobraziliense.com.br\/denise\/wp-json\/wp\/v2\/comments?post=2698"}],"version-history":[{"count":1,"href":"https:\/\/blogs2.correiobraziliense.com.br\/denise\/wp-json\/wp\/v2\/posts\/2698\/revisions"}],"predecessor-version":[{"id":2699,"href":"https:\/\/blogs2.correiobraziliense.com.br\/denise\/wp-json\/wp\/v2\/posts\/2698\/revisions\/2699"}],"wp:attachment":[{"href":"https:\/\/blogs2.correiobraziliense.com.br\/denise\/wp-json\/wp\/v2\/media?parent=2698"}],"wp:term":[{"taxonomy":"category","embeddable":true,"href":"https:\/\/blogs2.correiobraziliense.com.br\/denise\/wp-json\/wp\/v2\/categories?post=2698"},{"taxonomy":"post_tag","embeddable":true,"href":"https:\/\/blogs2.correiobraziliense.com.br\/denise\/wp-json\/wp\/v2\/tags?post=2698"}],"curies":[{"name":"wp","href":"https:\/\/api.w.org\/{rel}","templated":true}]}}