{"id":3234,"date":"2019-02-18T08:44:52","date_gmt":"2019-02-18T11:44:52","guid":{"rendered":"https:\/\/blogs2.correiobraziliense.com.br\/denise\/?p=3234"},"modified":"2019-02-18T12:07:20","modified_gmt":"2019-02-18T15:07:20","slug":"lava-jato-da-educacao-r-4-bilhoes","status":"publish","type":"post","link":"https:\/\/blogs2.correiobraziliense.com.br\/denise\/lava-jato-da-educacao-r-4-bilhoes\/","title":{"rendered":"Lava-Jato da educa\u00e7\u00e3o estima malfeitos em R$ 4 bilh\u00f5es"},"content":{"rendered":"<p>Disposto a deixar para tr\u00e1s o mais r\u00e1pido poss\u00edvel a crise envolvendo o quase ex-ministro Gustavo Bebianno, o presidente Jair Bolsonaro foi buscar as mazelas da \u00e1rea de educa\u00e7\u00e3o. L\u00e1, o ministro Ricardo Velez encontrou 2 mil processos de credenciamento de cursos sob suspeita. Al\u00e9m deles, o governo colocar\u00e1 uma lupa em contratos e conv\u00eanios do FNDE, no ensino a dist\u00e2ncia, e nos programas Universidade para Todos (Prouni) e o Nacional de Acesso ao Ensino t\u00e9cnico e Emprego (Pronatec). Estima-se malfeitos em, pelo menos, R$ 4 bilh\u00f5es.<\/p>\n<p>\u00bb \u00bb \u00bb<\/p>\n<p>A guerra entre a Associa\u00e7\u00e3o Brasileira das Mantenedoras de Ensino Superior, que cuida das universidades privadas, e o minist\u00e9rio est\u00e1 aberta. Segundo relatos, chegou ao ponto de o presidente da ABMES, Jangui\u00ea Diniz, no in\u00edcio de uma audi\u00eancia com o ministro, ainda nas apresenta\u00e7\u00f5es de praxe, ouvir de Velez sem a menor cerim\u00f4nia: \u201cJ\u00e1 te conhe\u00e7o, sei a sua biografia, foi o senhor que pediu audi\u00eancia, ent\u00e3o, fale\u201d. Constrangido, um dos presentes deixou a reuni\u00e3o. \u00c9 nessa \u00e1rea que Bolsonaro vai agir para mostrar que n\u00e3o compactua com corrup\u00e7\u00e3o. Da\u00ed, post de s\u00e1bado (16\/2), no Twitter, onde anunciava: \u201cDaremos in\u00edcio \u00e0 Lava-Jato da educa\u00e7\u00e3o\u201d.<\/p>\n<p>&nbsp;<\/p>\n<p><em>Atualiza\u00e7\u00e3o:\u00a0A ABMES diz que o clima na reuni\u00e3o foi muito cordial e n\u00e3o houve constrangimentos. O F\u00f3rum das Entidades Superior Particular divulgou nota de apoio \u00e0 iniciativa do governo de &#8220;apurar ind\u00edcios de corrup\u00e7\u00e3o, desvios e outros tipos de atos lesivos \u00e0 administra\u00e7\u00e3o p\u00fablica no \u00e2mbito do MEC e suas autarquias nas gest\u00f5es anteriores&#8221;. A nota diz ainda que &#8220;o documento assinado pelos ministros V\u00e9lez Rodrigues, e, ainda, o da Justi\u00e7a, S\u00e9rgio Moro,; da Controladoria Geral da Uni\u00e3o, Wagner Ros\u00e1rio; e pelo Advogado-Geral da Uni\u00e3o, Andr\u00e9 Mendon\u00e7a; representa tamb\u00e9m o interesse das institui\u00e7\u00f5es particulares de ensino superior em todo o Brasil de combater il\u00edcitos e defender a transpar\u00eancia na gest\u00e3o dos recursos p\u00fablicos&#8221;.\u00a0<\/em><\/p>\n<h2><strong>Onde vai pegar<\/strong><\/h2>\n<p>A \u201cLava-Jato da Educa\u00e7\u00e3o\u201d e a constrangida reuni\u00e3o do ministro com o presidente da Associa\u00e7\u00e3o das Mantenedoras prometem criar problemas para o governo no Congresso. Se for investigar o per\u00edodo do governo Temer, vai desgastar politicamente o DEM, que comandava a pasta, e comprar briga com o ex-ministro do partido Mendon\u00e7a Filho, a quem Jangui\u00ea Diniz \u00e9 ligado.<\/p>\n<h2><strong>PSL, o alvo da semana<\/strong><\/h2>\n<p>Calma, pessoal. Nada a ver com o laranjal. \u00c9 que o partido do presidente ser\u00e1 o primeiro ao qual o secret\u00e1rio de Previd\u00eancia, Rog\u00e9rio Marinho, e o presidente Jair Bolsonaro v\u00e3o se reunir para explicar a reforma a ser encaminhada ao Congresso. A ordem \u00e9 dizer aos governistas que, se for para jogar a reforma nas redes sociais, que seja para elogiar.<\/p>\n<h2><strong>Tem que aguentar o tranco<\/strong><\/h2>\n<p>Ainda que os seguidores dos parlamentares governistas reclamem do texto, caber\u00e1 a cada um defender a proposta e deixar claro que o pa\u00eds precisa mudar a Previd\u00eancia, sob pena de n\u00e3o conseguir mais pagar as aposentadorias no futuro. O problema \u00e9 de que j\u00e1 tem muito economista nas redes dizendo que a reforma trabalhista n\u00e3o gera empregos, e de que o primeiro passo \u00e9 mexer nos impostos, algo que o governo pretende deixar para depois por causa do deficit previdenci\u00e1rio. O debate ser\u00e1 produtivo.<\/p>\n<h2><strong><em>CURTIDAS<\/em><\/strong><\/h2>\n<p><strong>Vai ferver\/<\/strong> A quebra de sigilo do escrit\u00f3rio Mariz de Oliveira, do advogado do ex-presidente Michel Temer, resultou num manifesto dos advogados, que at\u00e9 s\u00e1bado \u00e0 tarde j\u00e1 reunia 213 assinaturas, muitos de renome, como Roberto Podval, o ex-ministro da Justi\u00e7a Jos\u00e9 Carlos Dias e Ant\u00f4nio Carlos de Almeida Castro, o Kakay.<\/p>\n<p><strong>Laranja-Lima<\/strong>\/ Explica-se por que os partidos n\u00e3o fizeram muita marola at\u00e9 agora com a hist\u00f3ria do laranjal de candidaturas. Quem tem experi\u00eancia de campanha afirma que h\u00e1 tr\u00eas tipos de candidatos laranjas. O mais comum \u00e9 lan\u00e7ar mulheres sem voto, apenas para cumprir a cota.<\/p>\n<p><strong>Laranja-P\u00eara<\/strong>\/ O outro tipo de laranja que tem a colheita na safra eleitoral \u00e9 aquele apenas para evitar que candidatos inconvenientes do mesmo partido conquistem uma vaga. Se o \u201claranjito\u201d perder, mas tirar votos daquele que n\u00e3o \u00e9 muito afeito \u00e0 c\u00fapula partid\u00e1ria, est\u00e1 valendo.<\/p>\n<p><strong>Laranja-Bahia<\/strong>\/ O \u00faltimo tipo \u00e9 o funcion\u00e1rio p\u00fablico. Muitos partidos recorrem a candidaturas de servidores, porque eles ganham uma licen\u00e7a e viram m\u00e3o de obra barata para a legenda no per\u00edodo eleitoral, nem que seja por meio expediente. Laranjas \u00e0 parte, o que n\u00e3o pode \u00e9 o dinheiro do fundo destinado a campanhas terminar em gr\u00e1ficas que n\u00e3o apresentam comprovante de execu\u00e7\u00e3o do material. A\u00ed, \u00e9 caso de pol\u00edcia.<\/p>\n","protected":false},"excerpt":{"rendered":"<p>Disposto a deixar para tr\u00e1s o mais r\u00e1pido poss\u00edvel a crise envolvendo o quase ex-ministro Gustavo Bebianno, o presidente Jair Bolsonaro foi buscar as mazelas da \u00e1rea de educa\u00e7\u00e3o. L\u00e1, o ministro Ricardo Velez encontrou 2 mil processos de credenciamento de cursos sob suspeita. Al\u00e9m deles, o governo colocar\u00e1 uma lupa em contratos e conv\u00eanios [&hellip;]<\/p>\n","protected":false},"author":29,"featured_media":3241,"comment_status":"closed","ping_status":"closed","sticky":false,"template":"","format":"standard","meta":{"wpb_read_more":[],"footnotes":""},"categories":[4],"tags":[91,90,93,92,38],"class_list":["post-3234","post","type-post","status-publish","format-standard","has-post-thumbnail","hentry","category-coluna-brasilia-df","tag-educacao","tag-lava-jato","tag-pronatec","tag-prouni","tag-psl"],"_links":{"self":[{"href":"https:\/\/blogs2.correiobraziliense.com.br\/denise\/wp-json\/wp\/v2\/posts\/3234","targetHints":{"allow":["GET"]}}],"collection":[{"href":"https:\/\/blogs2.correiobraziliense.com.br\/denise\/wp-json\/wp\/v2\/posts"}],"about":[{"href":"https:\/\/blogs2.correiobraziliense.com.br\/denise\/wp-json\/wp\/v2\/types\/post"}],"author":[{"embeddable":true,"href":"https:\/\/blogs2.correiobraziliense.com.br\/denise\/wp-json\/wp\/v2\/users\/29"}],"replies":[{"embeddable":true,"href":"https:\/\/blogs2.correiobraziliense.com.br\/denise\/wp-json\/wp\/v2\/comments?post=3234"}],"version-history":[{"count":3,"href":"https:\/\/blogs2.correiobraziliense.com.br\/denise\/wp-json\/wp\/v2\/posts\/3234\/revisions"}],"predecessor-version":[{"id":3248,"href":"https:\/\/blogs2.correiobraziliense.com.br\/denise\/wp-json\/wp\/v2\/posts\/3234\/revisions\/3248"}],"wp:featuredmedia":[{"embeddable":true,"href":"https:\/\/blogs2.correiobraziliense.com.br\/denise\/wp-json\/wp\/v2\/media\/3241"}],"wp:attachment":[{"href":"https:\/\/blogs2.correiobraziliense.com.br\/denise\/wp-json\/wp\/v2\/media?parent=3234"}],"wp:term":[{"taxonomy":"category","embeddable":true,"href":"https:\/\/blogs2.correiobraziliense.com.br\/denise\/wp-json\/wp\/v2\/categories?post=3234"},{"taxonomy":"post_tag","embeddable":true,"href":"https:\/\/blogs2.correiobraziliense.com.br\/denise\/wp-json\/wp\/v2\/tags?post=3234"}],"curies":[{"name":"wp","href":"https:\/\/api.w.org\/{rel}","templated":true}]}}