{"id":3517,"date":"2019-04-12T08:37:46","date_gmt":"2019-04-12T11:37:46","guid":{"rendered":"https:\/\/blogs2.correiobraziliense.com.br\/denise\/?p=3517"},"modified":"2019-04-12T08:37:46","modified_gmt":"2019-04-12T11:37:46","slug":"desaprovacao-do-judiciario-supera-a-do-legislativo","status":"publish","type":"post","link":"https:\/\/blogs2.correiobraziliense.com.br\/denise\/desaprovacao-do-judiciario-supera-a-do-legislativo\/","title":{"rendered":"Desaprova\u00e7\u00e3o do Judici\u00e1rio supera a do Legislativo"},"content":{"rendered":"<p><strong>Coluna Bras\u00edlia-DF<\/strong><\/p>\n<p>Saiu a II Rodada do Bar\u00f4metro da Associa\u00e7\u00e3o Brasileira de Rela\u00e7\u00f5es Institucionais e Governamentais (Abrig), em parceria com o Instituto de Pesquisa e Estrat\u00e9gia (IPE). O Judici\u00e1rio ultrapassou o Legislativo no quesito desaprova\u00e7\u00e3o, em rela\u00e7\u00e3o ao levantamento anterior. Em dezembro do ano passado, 46% desaprovavam o Judici\u00e1rio. Agora, s\u00e3o 63%, uma diferen\u00e7a de 17 pontos.<\/p>\n<h2>\n<strong>Congresso n\u00e3o fica atr\u00e1s<\/strong><\/h2>\n<p>A desaprova\u00e7\u00e3o do Congresso, que era de 50%, chega agora aos 60%. A aprova\u00e7\u00e3o tamb\u00e9m subiu, de 19% para 25%. O que caiu foi o percentual daqueles que n\u00e3o sabiam. De 31% baixou para 15%.<\/p>\n<h2>\n<strong>Bolsonaro se salva<\/strong><\/h2>\n<p>O governo do presidente Jair Bolsonaro escapou dessa sina: 47% aprovam, 35% desaprovam e 18% n\u00e3o souberam responder.<\/p>\n","protected":false},"excerpt":{"rendered":"<p>Coluna Bras\u00edlia-DF Saiu a II Rodada do Bar\u00f4metro da Associa\u00e7\u00e3o Brasileira de Rela\u00e7\u00f5es Institucionais e Governamentais (Abrig), em parceria com o Instituto de Pesquisa e Estrat\u00e9gia (IPE). O Judici\u00e1rio ultrapassou o Legislativo no quesito desaprova\u00e7\u00e3o, em rela\u00e7\u00e3o ao levantamento anterior. Em dezembro do ano passado, 46% desaprovavam o Judici\u00e1rio. Agora, s\u00e3o 63%, uma diferen\u00e7a de [&hellip;]<\/p>\n","protected":false},"author":29,"featured_media":3521,"comment_status":"closed","ping_status":"closed","sticky":false,"template":"","format":"standard","meta":{"wpb_read_more":[],"footnotes":""},"categories":[4],"tags":[],"class_list":["post-3517","post","type-post","status-publish","format-standard","has-post-thumbnail","hentry","category-coluna-brasilia-df"],"_links":{"self":[{"href":"https:\/\/blogs2.correiobraziliense.com.br\/denise\/wp-json\/wp\/v2\/posts\/3517","targetHints":{"allow":["GET"]}}],"collection":[{"href":"https:\/\/blogs2.correiobraziliense.com.br\/denise\/wp-json\/wp\/v2\/posts"}],"about":[{"href":"https:\/\/blogs2.correiobraziliense.com.br\/denise\/wp-json\/wp\/v2\/types\/post"}],"author":[{"embeddable":true,"href":"https:\/\/blogs2.correiobraziliense.com.br\/denise\/wp-json\/wp\/v2\/users\/29"}],"replies":[{"embeddable":true,"href":"https:\/\/blogs2.correiobraziliense.com.br\/denise\/wp-json\/wp\/v2\/comments?post=3517"}],"version-history":[{"count":1,"href":"https:\/\/blogs2.correiobraziliense.com.br\/denise\/wp-json\/wp\/v2\/posts\/3517\/revisions"}],"predecessor-version":[{"id":3522,"href":"https:\/\/blogs2.correiobraziliense.com.br\/denise\/wp-json\/wp\/v2\/posts\/3517\/revisions\/3522"}],"wp:featuredmedia":[{"embeddable":true,"href":"https:\/\/blogs2.correiobraziliense.com.br\/denise\/wp-json\/wp\/v2\/media\/3521"}],"wp:attachment":[{"href":"https:\/\/blogs2.correiobraziliense.com.br\/denise\/wp-json\/wp\/v2\/media?parent=3517"}],"wp:term":[{"taxonomy":"category","embeddable":true,"href":"https:\/\/blogs2.correiobraziliense.com.br\/denise\/wp-json\/wp\/v2\/categories?post=3517"},{"taxonomy":"post_tag","embeddable":true,"href":"https:\/\/blogs2.correiobraziliense.com.br\/denise\/wp-json\/wp\/v2\/tags?post=3517"}],"curies":[{"name":"wp","href":"https:\/\/api.w.org\/{rel}","templated":true}]}}