{"id":3563,"date":"2019-04-26T07:52:31","date_gmt":"2019-04-26T10:52:31","guid":{"rendered":"https:\/\/blogs2.correiobraziliense.com.br\/denise\/?p=3563"},"modified":"2019-04-26T07:52:31","modified_gmt":"2019-04-26T10:52:31","slug":"detracao-poe-lula-mais-perto-da-liberdade","status":"publish","type":"post","link":"https:\/\/blogs2.correiobraziliense.com.br\/denise\/detracao-poe-lula-mais-perto-da-liberdade\/","title":{"rendered":"Detra\u00e7\u00e3o p\u00f5e Lula mais perto da liberdade"},"content":{"rendered":"<p><strong>Coluna Bras\u00edlia-DF<\/strong><\/p>\n<p>Numa reuni\u00e3o com o PT ontem, em Bras\u00edlia, o governador do Maranh\u00e3o, Fl\u00e1vio Dino, sacou do C\u00f3digo Penal um dispositivo capaz de abrir um portal para que Lula saia da cadeia mais cedo do que se imagina: a detra\u00e7\u00e3o. Consiste em computar-se na pena privativa de liberdade o tempo de pris\u00e3o provis\u00f3ria. Como a condena\u00e7\u00e3o pelo processo do triplex do Guaruj\u00e1 foi reduzida para oito anos e 10 meses, descontados os 12 meses que ele j\u00e1 est\u00e1 preso, d\u00e1 menos de oito anos de cadeia pela frente. Logo, diz Dino, ele poderia ir j\u00e1 para o regime semiaberto.<\/p>\n<p>\u201cN\u00e3o sei por que isso n\u00e3o foi feito no caso do Lula, pelo pr\u00f3prio Superior Tribunal de Justi\u00e7a, ao reduzir a pena. N\u00e3o tenho d\u00favidas de que isso se aplica ao ex-presidente. A 5\u00aa Turma do STJ deu esse benef\u00edcio a traficante internacional. N\u00e3o posso acreditar que Lula mere\u00e7a um tratamento pior do que um traficante preso preventivamente. Seria um desvario jur\u00eddico\u201d, afirma Dino, mestre em direito constitucional e ex-juiz federal.<\/p>\n<p>Dino entregou seu estudo sobre o tema ao ex-prefeito de S\u00e3o Paulo Fernando Haddad e ao ex-ministro Aloizio Mercadante, que v\u00e3o repassar tudo aos advogados de defesa. Depois de quase duas dezenas de pedidos de soltura negados, Haddad e Mercadante t\u00eam em m\u00e3os esse argumento para entrar com um novo pedido no pr\u00f3prio STJ e no STF. Desta vez, dizem os petistas, ainda que seja com tornozeleira, Lula ir\u00e1 para casa.<\/p>\n<h2>\n<strong>Bolsonaro d\u00e1 a senha<\/strong><\/h2>\n<p>Ao dizer que a institui\u00e7\u00e3o do regime de capitaliza\u00e7\u00e3o pode ficar para um segundo tempo, o presidente Jair Bolsonaro deu a senha para que os deputados e senadores retirem essa proposta do texto da nova Previd\u00eancia. O presidente da Comiss\u00e3o Especial, Marcelo Ramos, por exemplo, responde assim quando perguntado sobre esse tema:<br \/>\n\u201cDepois da fala do presidente, isso j\u00e1 saiu\u201d.<\/p>\n<h2>\n<strong>Enquanto isso, no Congresso\u2026<\/strong><\/h2>\n<p>A escolha de Samuel Moreira (PSDB-SP) como relator da nova Previd\u00eancia d\u00e1 ao partido tucano a possibilidade de se apresentar novamente como a legenda das reformas. E capitanear, j\u00e1 no parecer, as altera\u00e7\u00f5es que aliviam o peso das mudan\u00e7as para os<br \/>\nmais pobres.<\/p>\n<h2>\n<strong>&#8230; PSDB quer tirar leite de pedra<\/strong><\/h2>\n<p>\u00c9 dessa reforma que o partido pretende extrair um novo discurso, capaz de fazer dos tucanos aqueles que conseguem balancear o equil\u00edbrio fiscal com a responsabilidade social.<\/p>\n<p><strong>Seguuurrraaaaa, Centr\u00e3\u00e3\u00e3\u00e3oooo!!!!<\/strong>\/ Essa \u00e9 a principal miss\u00e3o do deputado Marcelo Ramos (PR-AM), enquanto presidente da Comiss\u00e3o Especial: ajudar a colocar o Centr\u00e3o<br \/>\nvotando a reforma.<\/p>\n<p><strong>Est\u00e3o todos bem\/<\/strong> A presen\u00e7a do vice-presidente Hamilton Mour\u00e3o no caf\u00e9 do presidente Jair Bolsonaro com jornalistas deixou a certeza de que est\u00e1 tudo bem. Pelo menos, brincam os pr\u00f3prios palacianos, at\u00e9 a pr\u00f3xima ciumeira que levar Carlos (foto), o vereador do Rio, filho do presidente, a expor um novo \u201cpiti\u201d no Twitter.<\/p>\n<p><strong>Por falar em Mour\u00e3o&#8230;<\/strong>\/ A edi\u00e7\u00e3o de ontem do Le Monde traz estampada uma entrevista do general Hamilton Mour\u00e3o. Sob o t\u00edtulo \u201cFizeram de Jair Bolsonaro um estere\u00f3tipo\u201d, Mour\u00e3o sai em defesa do titular do cargo e avisa que est\u00e1 ali para ajudar o presidente a tomar as decis\u00f5es. Avisa ainda que n\u00e3o \u00e9 \u201ccontraponto\u201d ao chefe de Estado. \u201cSeria anti\u00e9tico e desleal\u201d, disse Mour\u00e3o aos franceses.<\/p>\n<p><strong>Brasileiro n\u00e3o perde uma piada<\/strong>\/ Nem a redu\u00e7\u00e3o de 43 mil postos de trabalho registrados esta semana escapa. J\u00e1 tem excel\u00eancia se referindo ao Caged como \u201ctraged\u201d. Poderia at\u00e9 ser c\u00f4mico se n\u00e3o fosse tr\u00e1gico. Sextou! E com o feriado na pr\u00f3xima quarta-feira, a maioria dos congressistas vai emendar a semana. \u00c9, pois \u00e9.<\/p>\n","protected":false},"excerpt":{"rendered":"<p>Coluna Bras\u00edlia-DF Numa reuni\u00e3o com o PT ontem, em Bras\u00edlia, o governador do Maranh\u00e3o, Fl\u00e1vio Dino, sacou do C\u00f3digo Penal um dispositivo capaz de abrir um portal para que Lula saia da cadeia mais cedo do que se imagina: a detra\u00e7\u00e3o. Consiste em computar-se na pena privativa de liberdade o tempo de pris\u00e3o provis\u00f3ria. Como [&hellip;]<\/p>\n","protected":false},"author":29,"featured_media":3564,"comment_status":"closed","ping_status":"closed","sticky":false,"template":"","format":"standard","meta":{"wpb_read_more":[],"footnotes":""},"categories":[4],"tags":[],"class_list":["post-3563","post","type-post","status-publish","format-standard","has-post-thumbnail","hentry","category-coluna-brasilia-df"],"_links":{"self":[{"href":"https:\/\/blogs2.correiobraziliense.com.br\/denise\/wp-json\/wp\/v2\/posts\/3563","targetHints":{"allow":["GET"]}}],"collection":[{"href":"https:\/\/blogs2.correiobraziliense.com.br\/denise\/wp-json\/wp\/v2\/posts"}],"about":[{"href":"https:\/\/blogs2.correiobraziliense.com.br\/denise\/wp-json\/wp\/v2\/types\/post"}],"author":[{"embeddable":true,"href":"https:\/\/blogs2.correiobraziliense.com.br\/denise\/wp-json\/wp\/v2\/users\/29"}],"replies":[{"embeddable":true,"href":"https:\/\/blogs2.correiobraziliense.com.br\/denise\/wp-json\/wp\/v2\/comments?post=3563"}],"version-history":[{"count":1,"href":"https:\/\/blogs2.correiobraziliense.com.br\/denise\/wp-json\/wp\/v2\/posts\/3563\/revisions"}],"predecessor-version":[{"id":3565,"href":"https:\/\/blogs2.correiobraziliense.com.br\/denise\/wp-json\/wp\/v2\/posts\/3563\/revisions\/3565"}],"wp:featuredmedia":[{"embeddable":true,"href":"https:\/\/blogs2.correiobraziliense.com.br\/denise\/wp-json\/wp\/v2\/media\/3564"}],"wp:attachment":[{"href":"https:\/\/blogs2.correiobraziliense.com.br\/denise\/wp-json\/wp\/v2\/media?parent=3563"}],"wp:term":[{"taxonomy":"category","embeddable":true,"href":"https:\/\/blogs2.correiobraziliense.com.br\/denise\/wp-json\/wp\/v2\/categories?post=3563"},{"taxonomy":"post_tag","embeddable":true,"href":"https:\/\/blogs2.correiobraziliense.com.br\/denise\/wp-json\/wp\/v2\/tags?post=3563"}],"curies":[{"name":"wp","href":"https:\/\/api.w.org\/{rel}","templated":true}]}}