{"id":3586,"date":"2019-05-03T08:26:10","date_gmt":"2019-05-03T11:26:10","guid":{"rendered":"https:\/\/blogs2.correiobraziliense.com.br\/denise\/?p=3586"},"modified":"2019-05-03T08:26:10","modified_gmt":"2019-05-03T11:26:10","slug":"bolsonaro-repete-michel-temer","status":"publish","type":"post","link":"https:\/\/blogs2.correiobraziliense.com.br\/denise\/bolsonaro-repete-michel-temer\/","title":{"rendered":"Jair Bolsonaro repete Michel Temer"},"content":{"rendered":"<p><strong>Coluna Bras\u00edlia-DF<\/strong><\/p>\n<p>Em 18 de janeiro de 2018, o empres\u00e1rio S\u00edlvio Santos, que recebeu o presidente Jair Bolsonaro a fim de gravar uma entrevista para exibir no domingo, abria as portas da sua emissora para o ent\u00e3o presidente Michel Temer com o mesmo tema: Reforma da Previd\u00eancia. Para muitos, \u00e9 o maior sinal de que, em termos de comunica\u00e7\u00e3o, n\u00e3o d\u00e1 para reinventar a roda. Ser\u00e1 nos programas de tev\u00ea mais populares e com explica\u00e7\u00f5es did\u00e1ticas sobre o assunto que o presidente tentar\u00e1 conquistar simpatias \u00e0s mudan\u00e7as na Previd\u00eancia, de forma a conseguir apoios que ajudem a incrementar o clima favor\u00e1vel no Congresso.<\/p>\n<p>At\u00e9 aqui, assim como no governo do presidente Michel Temer, os temas que os deputados se mostram mais simp\u00e1ticos \u00e9 a fixa\u00e7\u00e3o da idade m\u00ednima e da aposentadoria por tempo de contribui\u00e7\u00e3o. E h\u00e1 quem diga que, se conseguir aprovar, pelo menos esse ponto, j\u00e1 ser\u00e1 um avan\u00e7o.<\/p>\n<h2>\n<strong>A conclus\u00e3o dos militares<\/strong><\/h2>\n<p>Em conversas reservadas, militares t\u00eam dito que o chanceler Ernesto Ara\u00fajo perdeu a batalha. Assim, a bola est\u00e1 com eles, que n\u00e3o v\u00e3o permitir \u201caventuras\u201d, ou seja, uma solu\u00e7\u00e3o radical de interfer\u00eancia no conflito Venezuela. O resto \u00e9 discurso.<\/p>\n<h2>\n<strong>O controle americano<\/strong><\/h2>\n<p>Ok, o atual governo da Venezuela pode at\u00e9 querer dist\u00e2ncia dos Estados Unidos, mas ter\u00e1 que, para isso, correr o risco de abrir m\u00e3o de explorar seu pr\u00f3prio petr\u00f3leo. \u00c9 que grande parte das pe\u00e7as de equipamentos usados na explora\u00e7\u00e3o s\u00e3o produzidos por empresas norte-americanas. J\u00e1 tem especialistas nesse mercado dizendo que parte desse maquin\u00e1rio ficar\u00e1 sem manuten\u00e7\u00e3o em territ\u00f3rio venezuelano.<\/p>\n<h2>\n<strong>A \u201cmudan\u00e7a\u201d do MDB<\/strong><\/h2>\n<p>Aliados do atual presidente do MDB, Romero Juc\u00e1, trabalham para que ele fique na vice-presid\u00eancia nacional do partido. Assim, na hip\u00f3tese de se eleger um governador para o comando da legenda, no caso, Ibaneis Rocha, o titular teria que se licenciar, e Juc\u00e1 assumiria.<\/p>\n<h2>\n<strong>E o DEM, hein?<\/strong><\/h2>\n<p>O partido n\u00e3o pretende levar adiante <a href=\"https:\/\/blogs2.correiobraziliense.com.br\/denise\/fusao-entre-psdb-e-dem-e-analisada-friamente-nos-bastidores\/\">a ideia de fus\u00e3o com o PSDB<\/a>. Antes de decidir o que fazer, \u00e9 preciso clarear pelo menos o cen\u00e1rio de 2020. O momento \u00e9 de cautela.<\/p>\n<p><strong>Convocado I<\/strong> \/ \u00c9 bom o ministro da Educa\u00e7\u00e3o, Abraham Weintraub, se preparar. Ele certamente ser\u00e1 convocado a explicar o corte de verbas nas universidades federais. J\u00e1 h\u00e1 v\u00e1rios pedidos nesse sentido. Um deles \u00e9 da deputada do Cidadania do DF, Paula Belmonte.<\/p>\n<p><strong>Convocado II<\/strong>\/ Paula considerou os argumentos do ministro, no m\u00ednimo, controversos, em especial, sobre a UnB, a Federal Fluminense (UFF) e a da Bahia (UFBA). \u201cEssas universidades s\u00e3o o sonho de muitos jovens, justamente por terem excelentes desempenhos do \u00cdndice Geral de Cursos (IGC) do pr\u00f3prio MEC, ent\u00e3o, n\u00f3s, como fiscalizadores, devemos esse esclarecimento \u00e0 sociedade\u201d, afirma a deputada.<\/p>\n<p><strong>O que vem por a\u00ed<\/strong>\/ Se tem algo em comum entre os integrantes da c\u00fapula da Comiss\u00e3o Especial da reforma da Previd\u00eancia \u00e9 que todos dormem pouco. O presidente, Marcelo Ramos (PR-AM), afirma que, se dormir cinco horas est\u00e1 de bom tamanho. Sinal de que as discuss\u00f5es n\u00e3o v\u00e3o terminar cedo.<\/p>\n<p><strong>Liberdade de imprensa em debate<\/strong>\/ A professora Jane E. Kirtley far\u00e1 palestra sobre o tema na pr\u00f3xima ter\u00e7a-feira no audit\u00f3rio do<strong> Correio Braziliense<\/strong>. Kirtley dirigiu o comit\u00ea de jornalistas para a Liberdade de Imprensa por 14 anos. Atualmente, d\u00e1 aulas de \u00e9tica, m\u00eddia e direito na Escola Hubbard de jornalismo e comunica\u00e7\u00e3o de massa da Universidade de Minnesota. <a href=\"https:\/\/www.correiobraziliense.com.br\/app\/noticia\/brasil\/2019\/05\/02\/interna-brasil,752648\/professora-jane-kirtley-debate-fake-news-no-correio-inscreva-se.shtml\">Clica aqui e veja como se inscrever<\/a>.<\/p>\n","protected":false},"excerpt":{"rendered":"<p>Coluna Bras\u00edlia-DF Em 18 de janeiro de 2018, o empres\u00e1rio S\u00edlvio Santos, que recebeu o presidente Jair Bolsonaro a fim de gravar uma entrevista para exibir no domingo, abria as portas da sua emissora para o ent\u00e3o presidente Michel Temer com o mesmo tema: Reforma da Previd\u00eancia. Para muitos, \u00e9 o maior sinal de que, [&hellip;]<\/p>\n","protected":false},"author":29,"featured_media":3587,"comment_status":"closed","ping_status":"closed","sticky":false,"template":"","format":"standard","meta":{"wpb_read_more":[],"footnotes":""},"categories":[4],"tags":[],"class_list":["post-3586","post","type-post","status-publish","format-standard","has-post-thumbnail","hentry","category-coluna-brasilia-df"],"_links":{"self":[{"href":"https:\/\/blogs2.correiobraziliense.com.br\/denise\/wp-json\/wp\/v2\/posts\/3586","targetHints":{"allow":["GET"]}}],"collection":[{"href":"https:\/\/blogs2.correiobraziliense.com.br\/denise\/wp-json\/wp\/v2\/posts"}],"about":[{"href":"https:\/\/blogs2.correiobraziliense.com.br\/denise\/wp-json\/wp\/v2\/types\/post"}],"author":[{"embeddable":true,"href":"https:\/\/blogs2.correiobraziliense.com.br\/denise\/wp-json\/wp\/v2\/users\/29"}],"replies":[{"embeddable":true,"href":"https:\/\/blogs2.correiobraziliense.com.br\/denise\/wp-json\/wp\/v2\/comments?post=3586"}],"version-history":[{"count":1,"href":"https:\/\/blogs2.correiobraziliense.com.br\/denise\/wp-json\/wp\/v2\/posts\/3586\/revisions"}],"predecessor-version":[{"id":3588,"href":"https:\/\/blogs2.correiobraziliense.com.br\/denise\/wp-json\/wp\/v2\/posts\/3586\/revisions\/3588"}],"wp:featuredmedia":[{"embeddable":true,"href":"https:\/\/blogs2.correiobraziliense.com.br\/denise\/wp-json\/wp\/v2\/media\/3587"}],"wp:attachment":[{"href":"https:\/\/blogs2.correiobraziliense.com.br\/denise\/wp-json\/wp\/v2\/media?parent=3586"}],"wp:term":[{"taxonomy":"category","embeddable":true,"href":"https:\/\/blogs2.correiobraziliense.com.br\/denise\/wp-json\/wp\/v2\/categories?post=3586"},{"taxonomy":"post_tag","embeddable":true,"href":"https:\/\/blogs2.correiobraziliense.com.br\/denise\/wp-json\/wp\/v2\/tags?post=3586"}],"curies":[{"name":"wp","href":"https:\/\/api.w.org\/{rel}","templated":true}]}}