{"id":3792,"date":"2019-06-26T08:10:37","date_gmt":"2019-06-26T11:10:37","guid":{"rendered":"https:\/\/blogs2.correiobraziliense.com.br\/denise\/?p=3792"},"modified":"2019-06-26T08:10:37","modified_gmt":"2019-06-26T11:10:37","slug":"pt-fara-uma-serie-de-atos-para-tentar-criar-ambiente-mais-favoravel-a-soltura-de-lula","status":"publish","type":"post","link":"https:\/\/blogs2.correiobraziliense.com.br\/denise\/pt-fara-uma-serie-de-atos-para-tentar-criar-ambiente-mais-favoravel-a-soltura-de-lula\/","title":{"rendered":"PT far\u00e1 uma s\u00e9rie de atos para tentar criar ambiente mais favor\u00e1vel \u00e0 soltura de Lula"},"content":{"rendered":"<h6><strong>Coluna Bras\u00edlia-DF<\/strong><\/h6>\n<p>A defesa do ex-presidente Lula prepara mais uma saraivada de recursos para ver se consegue soltar o petista at\u00e9 o fim do ano. Antes, por\u00e9m, o partido far\u00e1 uma s\u00e9rie de atos pol\u00edticos no Brasil e no exterior para tentar criar um ambiente mais favor\u00e1vel aos seus pedidos.<\/p>\n<p>Alguns ministros disseram que o placar desfavor\u00e1vel ao ex-presidente j\u00e1 era esperado. A decis\u00e3o de votar foi exclusivamente para baixar a press\u00e3o antes do recesso.<\/p>\n<h2>\n<strong>Balde de \u00e1gua fria<\/strong><\/h2>\n<p>O PT queria Lula como seu garoto-propaganda contra a reforma da Previd\u00eancia. Como n\u00e3o ter\u00e1, vai buscar engrossar o coro pelo adiamento da vota\u00e7\u00e3o e n\u00e3o estar\u00e1 sozinho nessa. Dentro do Centr\u00e3o, tem gente come\u00e7ando a calcular que melhor mesmo \u00e9 deixar para agosto. Falta combinar com o presidente da Casa, Rodrigo Maia.<\/p>\n","protected":false},"excerpt":{"rendered":"<p>Coluna Bras\u00edlia-DF A defesa do ex-presidente Lula prepara mais uma saraivada de recursos para ver se consegue soltar o petista at\u00e9 o fim do ano. Antes, por\u00e9m, o partido far\u00e1 uma s\u00e9rie de atos pol\u00edticos no Brasil e no exterior para tentar criar um ambiente mais favor\u00e1vel aos seus pedidos. Alguns ministros disseram que o [&hellip;]<\/p>\n","protected":false},"author":29,"featured_media":3325,"comment_status":"closed","ping_status":"closed","sticky":false,"template":"","format":"standard","meta":{"wpb_read_more":[],"footnotes":""},"categories":[4],"tags":[],"class_list":["post-3792","post","type-post","status-publish","format-standard","has-post-thumbnail","hentry","category-coluna-brasilia-df"],"_links":{"self":[{"href":"https:\/\/blogs2.correiobraziliense.com.br\/denise\/wp-json\/wp\/v2\/posts\/3792","targetHints":{"allow":["GET"]}}],"collection":[{"href":"https:\/\/blogs2.correiobraziliense.com.br\/denise\/wp-json\/wp\/v2\/posts"}],"about":[{"href":"https:\/\/blogs2.correiobraziliense.com.br\/denise\/wp-json\/wp\/v2\/types\/post"}],"author":[{"embeddable":true,"href":"https:\/\/blogs2.correiobraziliense.com.br\/denise\/wp-json\/wp\/v2\/users\/29"}],"replies":[{"embeddable":true,"href":"https:\/\/blogs2.correiobraziliense.com.br\/denise\/wp-json\/wp\/v2\/comments?post=3792"}],"version-history":[{"count":1,"href":"https:\/\/blogs2.correiobraziliense.com.br\/denise\/wp-json\/wp\/v2\/posts\/3792\/revisions"}],"predecessor-version":[{"id":3793,"href":"https:\/\/blogs2.correiobraziliense.com.br\/denise\/wp-json\/wp\/v2\/posts\/3792\/revisions\/3793"}],"wp:featuredmedia":[{"embeddable":true,"href":"https:\/\/blogs2.correiobraziliense.com.br\/denise\/wp-json\/wp\/v2\/media\/3325"}],"wp:attachment":[{"href":"https:\/\/blogs2.correiobraziliense.com.br\/denise\/wp-json\/wp\/v2\/media?parent=3792"}],"wp:term":[{"taxonomy":"category","embeddable":true,"href":"https:\/\/blogs2.correiobraziliense.com.br\/denise\/wp-json\/wp\/v2\/categories?post=3792"},{"taxonomy":"post_tag","embeddable":true,"href":"https:\/\/blogs2.correiobraziliense.com.br\/denise\/wp-json\/wp\/v2\/tags?post=3792"}],"curies":[{"name":"wp","href":"https:\/\/api.w.org\/{rel}","templated":true}]}}