{"id":3799,"date":"2019-06-27T08:59:20","date_gmt":"2019-06-27T11:59:20","guid":{"rendered":"https:\/\/blogs2.correiobraziliense.com.br\/denise\/?p=3799"},"modified":"2019-06-27T08:59:20","modified_gmt":"2019-06-27T11:59:20","slug":"gsi-e-aeronautica-investigarao-se-ha-outros-militares-envolvidos-em-caso-de-cocaina-na-espanha","status":"publish","type":"post","link":"https:\/\/blogs2.correiobraziliense.com.br\/denise\/gsi-e-aeronautica-investigarao-se-ha-outros-militares-envolvidos-em-caso-de-cocaina-na-espanha\/","title":{"rendered":"GSI e Aeron\u00e1utica investigar\u00e3o se h\u00e1 outros militares envolvidos em caso de coca\u00edna na Espanha"},"content":{"rendered":"<h6><strong>Coluna Bras\u00edlia-DF<\/strong><\/h6>\n<p>A pris\u00e3o do sargento Manoel Silva Rodrigues com 39kg de coca\u00edna na Espanha, transportados no avi\u00e3o da FAB, levar\u00e1 a uma investiga\u00e7\u00e3o sigilosa do Gabinete de Seguran\u00e7a Institucional (GSI) e da Aeron\u00e1utica para saber se h\u00e1 outros militares envolvidos.<\/p>\n<p>Afinal, passar 39kg na mala de viagem a trabalho e por poucos dias, n\u00e3o pode ser considerado um fato normal. Saber desse caso, como disse o general Heleno, \u201cs\u00f3 se tivesse bola de cristal\u201d. Mas, daqui para frente, a conversa \u00e9 outra.<\/p>\n<h2>\n<strong>Vergonha internacional\u00a0<\/strong><\/h2>\n<p>Nos Estados Unidos, o Brasil sempre foi considerado um corredor do tr\u00e1fico de drogas para pa\u00edses europeus. V\u00eam a\u00ed normas mais rigorosas para o embarque nos avi\u00f5es da For\u00e7a A\u00e9rea Brasileira. Mesmo para militares que servem h\u00e1 tempos.<\/p>\n","protected":false},"excerpt":{"rendered":"<p>Coluna Bras\u00edlia-DF A pris\u00e3o do sargento Manoel Silva Rodrigues com 39kg de coca\u00edna na Espanha, transportados no avi\u00e3o da FAB, levar\u00e1 a uma investiga\u00e7\u00e3o sigilosa do Gabinete de Seguran\u00e7a Institucional (GSI) e da Aeron\u00e1utica para saber se h\u00e1 outros militares envolvidos. Afinal, passar 39kg na mala de viagem a trabalho e por poucos dias, n\u00e3o [&hellip;]<\/p>\n","protected":false},"author":29,"featured_media":0,"comment_status":"closed","ping_status":"closed","sticky":false,"template":"","format":"standard","meta":{"wpb_read_more":[],"footnotes":""},"categories":[4],"tags":[],"class_list":["post-3799","post","type-post","status-publish","format-standard","hentry","category-coluna-brasilia-df"],"_links":{"self":[{"href":"https:\/\/blogs2.correiobraziliense.com.br\/denise\/wp-json\/wp\/v2\/posts\/3799","targetHints":{"allow":["GET"]}}],"collection":[{"href":"https:\/\/blogs2.correiobraziliense.com.br\/denise\/wp-json\/wp\/v2\/posts"}],"about":[{"href":"https:\/\/blogs2.correiobraziliense.com.br\/denise\/wp-json\/wp\/v2\/types\/post"}],"author":[{"embeddable":true,"href":"https:\/\/blogs2.correiobraziliense.com.br\/denise\/wp-json\/wp\/v2\/users\/29"}],"replies":[{"embeddable":true,"href":"https:\/\/blogs2.correiobraziliense.com.br\/denise\/wp-json\/wp\/v2\/comments?post=3799"}],"version-history":[{"count":1,"href":"https:\/\/blogs2.correiobraziliense.com.br\/denise\/wp-json\/wp\/v2\/posts\/3799\/revisions"}],"predecessor-version":[{"id":3801,"href":"https:\/\/blogs2.correiobraziliense.com.br\/denise\/wp-json\/wp\/v2\/posts\/3799\/revisions\/3801"}],"wp:attachment":[{"href":"https:\/\/blogs2.correiobraziliense.com.br\/denise\/wp-json\/wp\/v2\/media?parent=3799"}],"wp:term":[{"taxonomy":"category","embeddable":true,"href":"https:\/\/blogs2.correiobraziliense.com.br\/denise\/wp-json\/wp\/v2\/categories?post=3799"},{"taxonomy":"post_tag","embeddable":true,"href":"https:\/\/blogs2.correiobraziliense.com.br\/denise\/wp-json\/wp\/v2\/tags?post=3799"}],"curies":[{"name":"wp","href":"https:\/\/api.w.org\/{rel}","templated":true}]}}