{"id":3877,"date":"2019-07-09T08:26:44","date_gmt":"2019-07-09T11:26:44","guid":{"rendered":"https:\/\/blogs2.correiobraziliense.com.br\/denise\/?p=3877"},"modified":"2019-07-09T08:26:44","modified_gmt":"2019-07-09T11:26:44","slug":"situacao-de-policiais-na-previdencia-deixa-psl-entre-a-cruz-e-a-espada","status":"publish","type":"post","link":"https:\/\/blogs2.correiobraziliense.com.br\/denise\/situacao-de-policiais-na-previdencia-deixa-psl-entre-a-cruz-e-a-espada\/","title":{"rendered":"Situa\u00e7\u00e3o de policiais na Previd\u00eancia deixa PSL entre a cruz e a espada"},"content":{"rendered":"<h6><strong>Coluna Bras\u00edlia-DF<\/strong><\/h6>\n<p>A oposi\u00e7\u00e3o planeja explorar a aposentadoria dos policiais no seu kit obstru\u00e7\u00e3o, de forma a tentar jogar o desgaste da reforma previdenci\u00e1ria para cima do PSL do presidente Jair Bolsonaro. O partido presidencial, ali\u00e1s, est\u00e1 disposto a fechar quest\u00e3o em torno da proposta aprovada na Comiss\u00e3o Especial.<\/p>\n<p>Significa que, se n\u00e3o houver um acordo para aliviar a situa\u00e7\u00e3o dos policiais, retirando-os da reforma para coloc\u00e1-los num texto \u00e0 parte, quem votar contra corre o risco de puni\u00e7\u00e3o. E quem votar a favor, ser\u00e1 atacado pela oposi\u00e7\u00e3o. \u00c9 a bancada da bala entre a cruz e a espada pela primeira vez.<\/p>\n<p>\u00bb \u00bb \u00bb<\/p>\n<p>Entre os pesselistas, pegou muito mal a atitude do deputado Alexandre Frota (PSL-SP), que foi para as redes sociais se apresentando como algu\u00e9m que ficou ao lado dos policiais e exibindo fotos dos votos de seus colegas de partido que votaram com o governo, ou seja, contra mudan\u00e7as no texto a favor da categoria. O futuro de Frota no partido \u00e9 incerto. Ou ele vota com o partido, ou pode ficar sem legenda.<\/p>\n<h2><strong>O \u201csim\u201d da Previd\u00eancia<\/strong><\/h2>\n<p>Quanto \u00e0 reforma da Previd\u00eancia, o presidente da C\u00e2mara, Rodrigo Maia, n\u00e3o quer conversa. Sua inten\u00e7\u00e3o \u00e9 resolver agora e n\u00e3o deixar esse tema pendurado na Casa no segundo semestre. Em agosto, Maia quer discutir e votar a reforma tribut\u00e1ria.<\/p>\n<h2>\n<strong>Deixa quieto<\/strong><\/h2>\n<p>Maia tem pedido, inclusive, que os deputados n\u00e3o fa\u00e7am press\u00e3o sobre o governo por emendas e cargos nessa vota\u00e7\u00e3o da reforma previdenci\u00e1ria. Depois, quando for algo de interesse exclusivo do Planalto, e n\u00e3o do pa\u00eds, a\u00ed sim, quem quiser que cobre uma fatura.<\/p>\n<p><strong>Fechou, mas&#8230;\/<\/strong> O PSB fechou quest\u00e3o contra a reforma da Previd\u00eancia. Mas n\u00e3o decidiu que tipo de puni\u00e7\u00e3o far\u00e1 a quem votar a favor: \u201cAs consequ\u00eancias sempre v\u00eam depois\u201d, diz o l\u00edder do partido, Tadeu Alencar.<\/p>\n<p><strong>Santo de casa\/<\/strong> Funcion\u00e1rios da C\u00e2mara que trabalham desde pequenos com sal\u00e1rios modestos e est\u00e3o na faixa dos 45 anos est\u00e3o com medo da reforma e, nas \u00faltimas horas, come\u00e7aram uma campanha entre os deputados pedindo que n\u00e3o aprovem o texto.<\/p>\n<p><strong>QG\/<\/strong> Havia mais deputados ontem \u00e0 tarde na casa do presidente da C\u00e2mara, Rodrigo Maia, do que no plen\u00e1rio. \u00c9 ali que os \u00faltimos ajustes da reforma que ir\u00e1 a votos hoje.<\/p>\n<p><strong>Come\u00e7ou\/<\/strong> Ontem mesmo, no in\u00edcio da noite, o deputado F\u00e1bio Henrique (PDT-SE) colocou na roda o discurso da oposi\u00e7\u00e3o: \u201cAmanh\u00e3, vamos ver quem faz parte da bancada da seguran\u00e7a p\u00fablica ou a defende s\u00f3 no gog\u00f3\u201d.<\/p>\n","protected":false},"excerpt":{"rendered":"<p>Coluna Bras\u00edlia-DF A oposi\u00e7\u00e3o planeja explorar a aposentadoria dos policiais no seu kit obstru\u00e7\u00e3o, de forma a tentar jogar o desgaste da reforma previdenci\u00e1ria para cima do PSL do presidente Jair Bolsonaro. O partido presidencial, ali\u00e1s, est\u00e1 disposto a fechar quest\u00e3o em torno da proposta aprovada na Comiss\u00e3o Especial. Significa que, se n\u00e3o houver um [&hellip;]<\/p>\n","protected":false},"author":29,"featured_media":3879,"comment_status":"closed","ping_status":"closed","sticky":false,"template":"","format":"standard","meta":{"wpb_read_more":[],"footnotes":""},"categories":[4],"tags":[132,28,131,52,38],"class_list":["post-3877","post","type-post","status-publish","format-standard","has-post-thumbnail","hentry","category-coluna-brasilia-df","tag-alexandre-frota","tag-bolsonaro","tag-policiais","tag-previdencia","tag-psl"],"_links":{"self":[{"href":"https:\/\/blogs2.correiobraziliense.com.br\/denise\/wp-json\/wp\/v2\/posts\/3877","targetHints":{"allow":["GET"]}}],"collection":[{"href":"https:\/\/blogs2.correiobraziliense.com.br\/denise\/wp-json\/wp\/v2\/posts"}],"about":[{"href":"https:\/\/blogs2.correiobraziliense.com.br\/denise\/wp-json\/wp\/v2\/types\/post"}],"author":[{"embeddable":true,"href":"https:\/\/blogs2.correiobraziliense.com.br\/denise\/wp-json\/wp\/v2\/users\/29"}],"replies":[{"embeddable":true,"href":"https:\/\/blogs2.correiobraziliense.com.br\/denise\/wp-json\/wp\/v2\/comments?post=3877"}],"version-history":[{"count":1,"href":"https:\/\/blogs2.correiobraziliense.com.br\/denise\/wp-json\/wp\/v2\/posts\/3877\/revisions"}],"predecessor-version":[{"id":3880,"href":"https:\/\/blogs2.correiobraziliense.com.br\/denise\/wp-json\/wp\/v2\/posts\/3877\/revisions\/3880"}],"wp:featuredmedia":[{"embeddable":true,"href":"https:\/\/blogs2.correiobraziliense.com.br\/denise\/wp-json\/wp\/v2\/media\/3879"}],"wp:attachment":[{"href":"https:\/\/blogs2.correiobraziliense.com.br\/denise\/wp-json\/wp\/v2\/media?parent=3877"}],"wp:term":[{"taxonomy":"category","embeddable":true,"href":"https:\/\/blogs2.correiobraziliense.com.br\/denise\/wp-json\/wp\/v2\/categories?post=3877"},{"taxonomy":"post_tag","embeddable":true,"href":"https:\/\/blogs2.correiobraziliense.com.br\/denise\/wp-json\/wp\/v2\/tags?post=3877"}],"curies":[{"name":"wp","href":"https:\/\/api.w.org\/{rel}","templated":true}]}}