{"id":3961,"date":"2019-07-31T07:55:33","date_gmt":"2019-07-31T10:55:33","guid":{"rendered":"https:\/\/blogs2.correiobraziliense.com.br\/denise\/?p=3961"},"modified":"2019-07-31T07:57:42","modified_gmt":"2019-07-31T10:57:42","slug":"gastos-do-governo-com-cyberdefesa-caem-ano-apos-ano-mostra-levantamento","status":"publish","type":"post","link":"https:\/\/blogs2.correiobraziliense.com.br\/denise\/gastos-do-governo-com-cyberdefesa-caem-ano-apos-ano-mostra-levantamento\/","title":{"rendered":"Gastos do governo com cyberdefesa caem ano ap\u00f3s ano, mostra levantamento"},"content":{"rendered":"<h6><strong>Coluna Bras\u00edlia-DF\/ Por Leonardo Calvacanti<\/strong><\/h6>\n<p>Gastos federais para a prote\u00e7\u00e3o de ambientes virtuais despencam ano a ano, desde 2012. Levantamento da Associa\u00e7\u00e3o Contas Abertas, feito com exclusividade para o <strong>Correio<\/strong>, revela que a a\u00e7\u00e3o 147F de implanta\u00e7\u00e3o de sistema nacional de defesa cibern\u00e9tica autorizou, a partir daquele ano, at\u00e9 o \u00faltimo m\u00eas de julho, R$ 637,1 milh\u00f5es (em valores constantes, IPCA). Mas apenas R$ 378,6 milh\u00f5es foram pagos efetivamente.<\/p>\n<p>Uma das descri\u00e7\u00f5es da a\u00e7\u00e3o 147F \u00e9 a de \u201campliar a capacidade do pa\u00eds de atuar com liberdade de a\u00e7\u00e3o; a fim de elevar o n\u00edvel de seguran\u00e7a da informa\u00e7\u00e3o e das comunica\u00e7\u00f5es; assim como a capacidade de defesa nas esferas civil, industrial e militar, para atua\u00e7\u00e3o em ataques de natureza cibern\u00e9tica\u201d. Entre os oito anos verificados no Or\u00e7amento, o \u00e1pice dos gastos ocorreu em 2012 (R$ 167 milh\u00f5es). Segundo o Contas Abertas, o maior desembolso em valores efetivamente pagos ocorreu em 2016 (R$ 67 milh\u00f5es).<\/p>\n<p>As despesas despencaram nos \u00faltimos anos. Em 2018, foram gastos em valores constantes, atualizados pelo IPCA, apenas<br \/>\nR$ 34,8 milh\u00f5es \u2014 menor valor anual desde 2012. Em 2019, est\u00e3o autorizados R$ 31,3 milh\u00f5es. At\u00e9 27 de julho, foram consumidos R$ 15,7 milh\u00f5es (50,1% do valor autorizado), incluindo os restos a pagar.<\/p>\n<h2><strong>Minist\u00e9rio<\/strong><\/h2>\n<p>Os recursos entregues at\u00e9 agora, segundo o Minist\u00e9rio da Defesa, foram para obras na Escola Nacional de Defesa Cibern\u00e9tica; adequa\u00e7\u00e3o do saneamento no Forte Marechal Rondon \u2014 local em que se encontram instala\u00e7\u00f5es relacionadas \u00e0 Defesa Cibern\u00e9tica, no Distrito Federal; e celebra\u00e7\u00e3o de conv\u00eanios e parcerias com centros de pesquisa para o desenvolvimento e a implementa\u00e7\u00e3o de solu\u00e7\u00f5es de seguran\u00e7a da informa\u00e7\u00e3o e das comunica\u00e7\u00f5es.<\/p>\n<h2><strong>Celulares<\/strong><\/h2>\n<p>Em tempo: a a\u00e7\u00e3o 147F n\u00e3o abrange prote\u00e7\u00e3o a aparelhos celulares de autoridades do Executivo, parte delas v\u00edtimas dos hackers de Araraquara. Tal miss\u00e3o \u00e9 do Gabinete de Seguran\u00e7a Institucional (GSI).<\/p>\n<h2><strong><em>Curtidas<\/em><\/strong><\/h2>\n<p><strong>Tranquil\u00e3o\/<\/strong> Tido como o \u201ccabe\u00e7a\u201d do grupo acusado de hackear celulares de nomes do alto escal\u00e3o do governo \u2014 como Bolsonaro e o ministro da Justi\u00e7a, S\u00e9rgio Moro \u2014, Walter Delgatti Neto n\u00e3o demonstrou nervosismo ao ser submetido \u00e0 audi\u00eancia de cust\u00f3dia ontem pelo juiz Vallisney de Souza Oliveira (foto), titular da 10\u00aa Vara Federal de Bras\u00edlia. No interrogat\u00f3rio, o suspeito falou por cerca 12 minutos e, ao contr\u00e1rio dos outros tr\u00eas investigados, n\u00e3o fugiu das acusa\u00e7\u00f5es de que teria invadido ao menos mil aparelhos de autoridades. \u201cTudo que fiz at\u00e9 agora foi por livre e espont\u00e2nea vontade.\u201d<\/p>\n<p><strong>Advogado na mira<\/strong>\/ Nem mesmo Ariovaldo Moreira, advogado de defesa de dois dos investigados \u2014 o casal Gustavo Henrique Elias Santos e Suelen Priscila de Oliveira \u2014, ficou ref\u00e9m do hackeamento de Delgatti. Ap\u00f3s a audi\u00eancia de cust\u00f3dia, ele revelou que o hacker tentou invadir o aparelho celular. Segundo Ariovaldo, Delgatti sabia de cor o n\u00famero do aparelho dele. \u201cEle (o hacker) falou: \u2018Eu tentei, tanto que o seu telefone \u00e9&#8230;\u2019, e disse o n\u00famero, na frente de todo mundo\u201d, comentou o advogado. \u201cMas Delgatti sempre foi assim\u201d, acrescentou.<\/p>\n<p><strong>Estilo\/<\/strong> Enquanto os demais membros do grupo compareceram ao Edif\u00edcio-sede 3 da Justi\u00e7a Federal de Bras\u00edlia com roupas simples, no caso de Danilo Cristiano Marques e Gustavo Henrique Elias Santos \u2014 ou com uniforme de presidi\u00e1ria, como ocorreu com Suelen Priscila de Oliveira \u2014, Delgatti n\u00e3o economizou no estilo: apareceu de terno azul-escuro, camisa social-azul claro e mocassim marrom.<\/p>\n<p><strong>Medo do avi\u00e3o\/<\/strong> O voo que trouxe os suspeitos de S\u00e3o Paulo a Bras\u00edlia, na ter\u00e7a-feira da semana passada, causou calafrios em dois dos investigados. Algemados, segundo disseram na audi\u00eancia de cust\u00f3dia, Delgatti e Danilo Cristiano se assustaram com as condi\u00e7\u00f5es do avi\u00e3o da Pol\u00edcia Federal. \u201cFiquei com medo de ele cair\u201d, disse Walter. \u201cO avi\u00e3o era perigoso\u201d, refor\u00e7ou Danilo Cristiano.<\/p>\n","protected":false},"excerpt":{"rendered":"<p>Coluna Bras\u00edlia-DF\/ Por Leonardo Calvacanti Gastos federais para a prote\u00e7\u00e3o de ambientes virtuais despencam ano a ano, desde 2012. Levantamento da Associa\u00e7\u00e3o Contas Abertas, feito com exclusividade para o Correio, revela que a a\u00e7\u00e3o 147F de implanta\u00e7\u00e3o de sistema nacional de defesa cibern\u00e9tica autorizou, a partir daquele ano, at\u00e9 o \u00faltimo m\u00eas de julho, R$ [&hellip;]<\/p>\n","protected":false},"author":29,"featured_media":3964,"comment_status":"closed","ping_status":"closed","sticky":false,"template":"","format":"standard","meta":{"wpb_read_more":[],"footnotes":""},"categories":[4],"tags":[],"class_list":["post-3961","post","type-post","status-publish","format-standard","has-post-thumbnail","hentry","category-coluna-brasilia-df"],"_links":{"self":[{"href":"https:\/\/blogs2.correiobraziliense.com.br\/denise\/wp-json\/wp\/v2\/posts\/3961","targetHints":{"allow":["GET"]}}],"collection":[{"href":"https:\/\/blogs2.correiobraziliense.com.br\/denise\/wp-json\/wp\/v2\/posts"}],"about":[{"href":"https:\/\/blogs2.correiobraziliense.com.br\/denise\/wp-json\/wp\/v2\/types\/post"}],"author":[{"embeddable":true,"href":"https:\/\/blogs2.correiobraziliense.com.br\/denise\/wp-json\/wp\/v2\/users\/29"}],"replies":[{"embeddable":true,"href":"https:\/\/blogs2.correiobraziliense.com.br\/denise\/wp-json\/wp\/v2\/comments?post=3961"}],"version-history":[{"count":2,"href":"https:\/\/blogs2.correiobraziliense.com.br\/denise\/wp-json\/wp\/v2\/posts\/3961\/revisions"}],"predecessor-version":[{"id":3965,"href":"https:\/\/blogs2.correiobraziliense.com.br\/denise\/wp-json\/wp\/v2\/posts\/3961\/revisions\/3965"}],"wp:featuredmedia":[{"embeddable":true,"href":"https:\/\/blogs2.correiobraziliense.com.br\/denise\/wp-json\/wp\/v2\/media\/3964"}],"wp:attachment":[{"href":"https:\/\/blogs2.correiobraziliense.com.br\/denise\/wp-json\/wp\/v2\/media?parent=3961"}],"wp:term":[{"taxonomy":"category","embeddable":true,"href":"https:\/\/blogs2.correiobraziliense.com.br\/denise\/wp-json\/wp\/v2\/categories?post=3961"},{"taxonomy":"post_tag","embeddable":true,"href":"https:\/\/blogs2.correiobraziliense.com.br\/denise\/wp-json\/wp\/v2\/tags?post=3961"}],"curies":[{"name":"wp","href":"https:\/\/api.w.org\/{rel}","templated":true}]}}