{"id":3970,"date":"2019-08-02T08:47:35","date_gmt":"2019-08-02T11:47:35","guid":{"rendered":"https:\/\/blogs2.correiobraziliense.com.br\/denise\/?p=3970"},"modified":"2019-08-02T08:47:35","modified_gmt":"2019-08-02T11:47:35","slug":"clima-no-stf-esquenta-apos-revelacoes-de-que-dallagnol-teria-incentivado-investigacao-contra-toffoli","status":"publish","type":"post","link":"https:\/\/blogs2.correiobraziliense.com.br\/denise\/clima-no-stf-esquenta-apos-revelacoes-de-que-dallagnol-teria-incentivado-investigacao-contra-toffoli\/","title":{"rendered":"Clima no STF esquenta ap\u00f3s revela\u00e7\u00f5es de que Dallagnol teria incentivado investiga\u00e7\u00e3o contra Toffoli"},"content":{"rendered":"<p><strong>Coluna Bras\u00edlia-DF\/ Por Leonardo Calvacanti<\/strong><\/p>\n<p>\u00bb O clima esquentou no Supremo Tribunal Federal ap\u00f3s as revela\u00e7\u00f5es de que o procurador Deltan Dallagnol teria estimulado integrantes do Minist\u00e9rio P\u00fablico a investigar o ministro Dias Toffoli. At\u00e9 a reportagem do Intercept de ontem \u2014 que revelou a a\u00e7\u00e3o do chefe da Lava-Jato ainda em 2016 contra o magistrado \u2014, parte da Corte esperava que a pr\u00f3pria Procuradoria-Geral da Rep\u00fablica ou o conselho nacional da categoria resolvesse a situa\u00e7\u00e3o, estabelecessem limites e at\u00e9 mesmo uma eventual san\u00e7\u00e3o para Dallagnol.<\/p>\n<p>\u00bb Os di\u00e1logos revelados ontem \u2014 que envolvem inclusive familiares de outros ministros, como a mulher de Gilmar Mendes \u2014 levaram integrantes do Supremo a defender uma rea\u00e7\u00e3o mais firme da Corte. A avalia\u00e7\u00e3o interna \u00e9 de que o Supremo n\u00e3o pode ficar inerte diante dos movimentos de Dallagnol. Pelo menos dois ministros pediram que o assunto seja inclu\u00eddo no inqu\u00e9rito aberto para apurar ataques contra os ministros e demais membros do Supremo. De qualquer forma, a press\u00e3o agora recai sobre a procuradora-geral Raquel Dodge.<\/p>\n<p>\u00bb Pelo menos duas a\u00e7\u00f5es de ontem dos ministros do Supremo podem ser interpretadas como freios e contrapesos na vis\u00e3o deles em rela\u00e7\u00e3o \u00e0 for\u00e7a-tarefa da Lava-Jato. A primeira foi a determina\u00e7\u00e3o de Alexandre de Moraes de suspender a investiga\u00e7\u00e3o na Receita sobre 133 contribuintes, entre eles Mendes, e de mandar afastar dois servidores do \u00f3rg\u00e3o federal.<br \/>\n\u00bb A segunda foi a liminar concedida pelo ministro Luiz Fux, determinando que os registros de di\u00e1logos hackeados a partir de celulares sejam preservados. O ministro da Justi\u00e7a, S\u00e9rgio Moro, havia avisado a pol\u00edticos que as mensagens seriam inutilizadas. Os pr\u00f3prios magistrados da Corte reagiram na semana passada a tal ideia, ato confirmado por Fux a partir de um pedido do PDT para que os di\u00e1logos, incluindo do pr\u00f3prio Moro, fossem conservados. O movimento de Fux tem car\u00e1ter provis\u00f3rio e precisa ser conformado pelo plen\u00e1rio do STF.<\/p>\n<p>\u00bb Em tempo: a imagem de Moro entre os integrantes da Corte se desgasta a cada dia.<\/p>\n<p><strong>Curtidas<\/strong><\/p>\n<p><strong>A volta da polariza\u00e7\u00e3o<\/strong>\/ Os ataques do presidente Jair Bolsonaro ao PT na cerim\u00f4nia do lan\u00e7amento do programa M\u00e9dicos pelo Brasil n\u00e3o surpreenderam auxiliares governistas. Depois de focalizar as \u00faltimas pol\u00eamicas no presidente da OAB, Felipe Santa Cruz, o diagn\u00f3stico feito por assessores \u00e9 de que seria preciso uma nova estrat\u00e9gia para mudar o disco e calibrar o discurso no que, efetivamente, levou o atual governo ao poder: a polariza\u00e7\u00e3o. O balan\u00e7o feito por governistas \u00e9 de que o presidente acertou nas palavras, algo raro nos \u00faltimos dias.<\/p>\n<p><strong>Otimismo comedido<\/strong>\/ Conselheiros dizem que \u00e9 cedo para comemorar, mas celebram que Bolsonaro esteja evitando algumas pol\u00eamicas. Ontem, por exemplo, absteve-se de comentar as cr\u00edticas proferidas pelo deputado do PSL de S\u00e3o Paulo Alexandre Frota (foto) e de associar \u2014 ao menos abertamente \u2014 as informa\u00e7\u00f5es sobre crescimento do desmatamento divulgadas pelo Inpe a uma liga\u00e7\u00e3o entre o diretor da institui\u00e7\u00e3o, Ricardo Galv\u00e3o, e partidos da oposi\u00e7\u00e3o.<\/p>\n<p><strong>Na bronca<\/strong>\/ O presidente da C\u00e2mara, Rodrigo Maia (DEM-RJ), est\u00e1 insatisfeito com a letargia do governo em apresentar, de vez, a reforma tribut\u00e1ria. Bolsonaro diz a todos que apresentar\u00e1 uma reforma que unifique impostos federais sobre consumo, mas, at\u00e9 agora, o discurso est\u00e1 s\u00f3 no papel. A pessoas pr\u00f3ximas, Maia avalia que falta engajamento. Reclama que, para discutir uma reforma impopular, como a da Previd\u00eancia, o governo foi r\u00e1pido. E que, para discutir uma reforma com apelo popular, sente falta de engajamento.<\/p>\n<p><strong>Descontra\u00e7\u00e3o<\/strong>\/ O secret\u00e1rio de Com\u00e9rcio dos Estados Unidos, Wilbur Ross, e o secret\u00e1rio de Desenvolvimento do Distrito Federal, Ruy Coutinho, conseguiram se entender durante o F\u00f3rum Latino Americano de Infraestrutura. No evento, foram discutidos projetos estruturantes para Bras\u00edlia, como o Gasoduto Brasil Central, hub de carga do Aeroporto JK e a privatiza\u00e7\u00e3o de empesas estatais.<\/p>\n","protected":false},"excerpt":{"rendered":"<p>Coluna Bras\u00edlia-DF\/ Por Leonardo Calvacanti \u00bb O clima esquentou no Supremo Tribunal Federal ap\u00f3s as revela\u00e7\u00f5es de que o procurador Deltan Dallagnol teria estimulado integrantes do Minist\u00e9rio P\u00fablico a investigar o ministro Dias Toffoli. At\u00e9 a reportagem do Intercept de ontem \u2014 que revelou a a\u00e7\u00e3o do chefe da Lava-Jato ainda em 2016 contra o [&hellip;]<\/p>\n","protected":false},"author":29,"featured_media":3971,"comment_status":"closed","ping_status":"closed","sticky":false,"template":"","format":"standard","meta":{"wpb_read_more":[],"footnotes":""},"categories":[4],"tags":[28,39,147,148,149,151,150,51,40],"class_list":["post-3970","post","type-post","status-publish","format-standard","has-post-thumbnail","hentry","category-coluna-brasilia-df","tag-bolsonaro","tag-camara","tag-dallagnol","tag-deltan-dallagnol","tag-dias-toffoli","tag-fux","tag-inpe","tag-rodrigo-maia","tag-senado"],"_links":{"self":[{"href":"https:\/\/blogs2.correiobraziliense.com.br\/denise\/wp-json\/wp\/v2\/posts\/3970","targetHints":{"allow":["GET"]}}],"collection":[{"href":"https:\/\/blogs2.correiobraziliense.com.br\/denise\/wp-json\/wp\/v2\/posts"}],"about":[{"href":"https:\/\/blogs2.correiobraziliense.com.br\/denise\/wp-json\/wp\/v2\/types\/post"}],"author":[{"embeddable":true,"href":"https:\/\/blogs2.correiobraziliense.com.br\/denise\/wp-json\/wp\/v2\/users\/29"}],"replies":[{"embeddable":true,"href":"https:\/\/blogs2.correiobraziliense.com.br\/denise\/wp-json\/wp\/v2\/comments?post=3970"}],"version-history":[{"count":1,"href":"https:\/\/blogs2.correiobraziliense.com.br\/denise\/wp-json\/wp\/v2\/posts\/3970\/revisions"}],"predecessor-version":[{"id":3972,"href":"https:\/\/blogs2.correiobraziliense.com.br\/denise\/wp-json\/wp\/v2\/posts\/3970\/revisions\/3972"}],"wp:featuredmedia":[{"embeddable":true,"href":"https:\/\/blogs2.correiobraziliense.com.br\/denise\/wp-json\/wp\/v2\/media\/3971"}],"wp:attachment":[{"href":"https:\/\/blogs2.correiobraziliense.com.br\/denise\/wp-json\/wp\/v2\/media?parent=3970"}],"wp:term":[{"taxonomy":"category","embeddable":true,"href":"https:\/\/blogs2.correiobraziliense.com.br\/denise\/wp-json\/wp\/v2\/categories?post=3970"},{"taxonomy":"post_tag","embeddable":true,"href":"https:\/\/blogs2.correiobraziliense.com.br\/denise\/wp-json\/wp\/v2\/tags?post=3970"}],"curies":[{"name":"wp","href":"https:\/\/api.w.org\/{rel}","templated":true}]}}