{"id":3983,"date":"2019-08-06T08:20:33","date_gmt":"2019-08-06T11:20:33","guid":{"rendered":"https:\/\/blogs2.correiobraziliense.com.br\/denise\/?p=3983"},"modified":"2019-08-06T08:20:33","modified_gmt":"2019-08-06T11:20:33","slug":"se-mandar-o-carluxo-para-a-coreia-do-norte-esta-tudo-certo-diz-senador-sobre-eduardo-em-embaixada","status":"publish","type":"post","link":"https:\/\/blogs2.correiobraziliense.com.br\/denise\/se-mandar-o-carluxo-para-a-coreia-do-norte-esta-tudo-certo-diz-senador-sobre-eduardo-em-embaixada\/","title":{"rendered":"Aprova\u00e7\u00e3o de Eduardo para embaixada \u00e9 o grande teste de Bolsonaro"},"content":{"rendered":"<h6><strong>Coluna Bras\u00edlia-DF<\/strong><\/h6>\n<p>Com o retorno dos trabalhos no Congresso e a reforma da Previd\u00eancia com perspectivas de aprova\u00e7\u00e3o esta semana na C\u00e2mara, os senadores governistas aconselharam o presidente Jair Bolsonaro a mapear e acompanhar de perto os 41 votos necess\u00e1rios para aprovar o nome do deputado Eduardo Bolsonaro ao cargo de embaixador em Washington. \u00c9 que essa vota\u00e7\u00e3o j\u00e1 vem sendo tratada com o mesmo peso do voto de confian\u00e7a presente nos regimes parlamentaristas. E uma derrota soar\u00e1 como uma desconfian\u00e7a ao pr\u00f3prio presidente. Por isso, 03 n\u00e3o pode perder.<\/p>\n<p><strong>Vai um combo?\/<\/strong> Numa roda de caf\u00e9, um senador foi direto, quando perguntado se seria f\u00e1cil aprovar o nome de Eduardo Bolsonaro para embaixador nos Estados Unidos. Seriamente, respondeu: \u201cOlha, se for um combo, passa f\u00e1cil\u201d, diante da express\u00e3o de desentendimento geral, eis que ele completa: \u201cSe mandar o Carluxo para a Coreia do Norte, est\u00e1 tudo certo\u201d.<\/p>\n<p><strong>Vai um combo? II\/<\/strong> Referia-se ao vereador Carlos Bolsonaro, o 02. \u00c9 que na Coreia do Norte n\u00e3o tem Twitter, WhatsApp, Facebook e por a\u00ed vai. Esses senadores voltaram bastante afiados no quesito humor.<\/p>\n<h2>\n<strong>Recado sutil<\/strong><\/h2>\n<p>O \u201caquecimento\u201d para continuidade da vota\u00e7\u00e3o das reformas, na casa do presidente do Senado, Davi Alcolumbre, teve apenas o presidente da C\u00e2mara, Rodrigo Maia, e o ministro da Economia, Paulo Guedes. Muita gente sentiu falta do futuro articulador pol\u00edtico, o ministro da Secretaria de Governo, general Eduardo Ramos.<\/p>\n<h2>\n<strong>O interlocutor<\/strong><\/h2>\n<p>Alcolumbre j\u00e1 disse, certa vez, a amigos, que sua rela\u00e7\u00e3o pol\u00edtica \u00e9 com o Onyx Lorenzoni e n\u00e3o pretende mudar. Ou o general se desloca e pede para ter a prefer\u00eancia, ou a bola no tapete azul do Senado continuar\u00e1 na troca de passes entre Lorenzoni e Alcolumbre.<\/p>\n<h2><strong>Enquanto isso, no balne\u00e1rio&#8230;<\/strong><\/h2>\n<p>Numa breve temporada de f\u00e9rias no Rio de Janeiro, a coluna contou dia desses 35 apartamentos com faixa de vende-se na avenida Atl\u00e2ntica em Copacabana. O n\u00famero de lojas fechadas tamb\u00e9m \u00e9 vis\u00edvel por toda a Zona Sul.<\/p>\n<h2><strong>Onde mora o perigo<\/strong><\/h2>\n<p>No Brasil, o percentual daqueles que se declaram endividados, medido pelo \u00faltimo levantamento da Confedera\u00e7\u00e3o Nacional do Com\u00e9rcio, chegou a 64,1% em julho, cen\u00e1rio parecido ao de maio de 2013, que antecedeu a onda de manifesta\u00e7\u00f5es pelo pa\u00eds contra o governo da ent\u00e3o presidente Dilma Rousseff.<\/p>\n<h2>\n<strong>Orai e vigiai<\/strong><\/h2>\n<p>Ningu\u00e9m no mundo da pol\u00edtica considera que o presidente Jair Bolsonaro est\u00e1 na situa\u00e7\u00e3o da Dilma de 2013. Ele tem hoje, no m\u00ednimo, um ter\u00e7o da popula\u00e7\u00e3o ao seu lado e, reza a cartilha dos especialistas em pesquisas, quem considera o governo regular n\u00e3o costuma ir para a rua reclamar.<\/p>\n<p><strong>Balan\u00e7o do recesso \/<\/strong> De todas as declara\u00e7\u00f5es do presidente Jair Bolsonaro ao longo do per\u00edodo de f\u00e9rias parlamentares, a que mais incomodou os congressistas foram aquelas relativas ao desaparecimento de Fernando Santa Cruz, o pai do presidente da Ordem dos Advogados do Brasil.<\/p>\n<p><strong>Causa &amp; consequ\u00eancia\/<\/strong> N\u00e3o vai atrapalhar as reformas, mas deixou no ar a sensa\u00e7\u00e3o de que o presidente da Rep\u00fablica desconhece limites no trato com advers\u00e1rios.<\/p>\n","protected":false},"excerpt":{"rendered":"<p>Coluna Bras\u00edlia-DF Com o retorno dos trabalhos no Congresso e a reforma da Previd\u00eancia com perspectivas de aprova\u00e7\u00e3o esta semana na C\u00e2mara, os senadores governistas aconselharam o presidente Jair Bolsonaro a mapear e acompanhar de perto os 41 votos necess\u00e1rios para aprovar o nome do deputado Eduardo Bolsonaro ao cargo de embaixador em Washington. \u00c9 [&hellip;]<\/p>\n","protected":false},"author":29,"featured_media":3984,"comment_status":"closed","ping_status":"closed","sticky":false,"template":"","format":"standard","meta":{"wpb_read_more":[],"footnotes":""},"categories":[4],"tags":[28,138,137,101],"class_list":["post-3983","post","type-post","status-publish","format-standard","has-post-thumbnail","hentry","category-coluna-brasilia-df","tag-bolsonaro","tag-eduardo-bolsonaro","tag-embaixada","tag-eua"],"_links":{"self":[{"href":"https:\/\/blogs2.correiobraziliense.com.br\/denise\/wp-json\/wp\/v2\/posts\/3983","targetHints":{"allow":["GET"]}}],"collection":[{"href":"https:\/\/blogs2.correiobraziliense.com.br\/denise\/wp-json\/wp\/v2\/posts"}],"about":[{"href":"https:\/\/blogs2.correiobraziliense.com.br\/denise\/wp-json\/wp\/v2\/types\/post"}],"author":[{"embeddable":true,"href":"https:\/\/blogs2.correiobraziliense.com.br\/denise\/wp-json\/wp\/v2\/users\/29"}],"replies":[{"embeddable":true,"href":"https:\/\/blogs2.correiobraziliense.com.br\/denise\/wp-json\/wp\/v2\/comments?post=3983"}],"version-history":[{"count":2,"href":"https:\/\/blogs2.correiobraziliense.com.br\/denise\/wp-json\/wp\/v2\/posts\/3983\/revisions"}],"predecessor-version":[{"id":3986,"href":"https:\/\/blogs2.correiobraziliense.com.br\/denise\/wp-json\/wp\/v2\/posts\/3983\/revisions\/3986"}],"wp:featuredmedia":[{"embeddable":true,"href":"https:\/\/blogs2.correiobraziliense.com.br\/denise\/wp-json\/wp\/v2\/media\/3984"}],"wp:attachment":[{"href":"https:\/\/blogs2.correiobraziliense.com.br\/denise\/wp-json\/wp\/v2\/media?parent=3983"}],"wp:term":[{"taxonomy":"category","embeddable":true,"href":"https:\/\/blogs2.correiobraziliense.com.br\/denise\/wp-json\/wp\/v2\/categories?post=3983"},{"taxonomy":"post_tag","embeddable":true,"href":"https:\/\/blogs2.correiobraziliense.com.br\/denise\/wp-json\/wp\/v2\/tags?post=3983"}],"curies":[{"name":"wp","href":"https:\/\/api.w.org\/{rel}","templated":true}]}}